{"id":411,"date":"2006-03-12T15:00:59","date_gmt":"2006-03-12T14:00:59","guid":{"rendered":"http:\/\/www.albinz.de\/blog\/?p=411"},"modified":"2006-03-12T15:27:14","modified_gmt":"2006-03-12T14:27:14","slug":"nach-dem-schneechaos","status":"publish","type":"post","link":"https:\/\/willizblog.de\/?p=411","title":{"rendered":"Nach dem Schneechaos"},"content":{"rendered":"<p>Nach dem f\u00fcr Mitte M\u00e4rz in diesen Mengen ungew\u00f6hnlich <a href=\"http:\/\/www.heute.de\/ZDFheute\/inhalt\/1\/0,3672,3909345,00.html\" target=\"_blank\">vielen Schnee im Norden Deutschlands<\/a> war es in der Nacht zu heute bitter kalt. In Tostedt haben wir <strong>-11,3 \u00b0 C<\/strong> gemessen. Daf\u00fcr scheint aber heute die Sonne, die viele Menschen zu einem Spaziergang einl\u00e4dt: Wirklich ein wundersch\u00f6ner Wintertag im M\u00e4rz.<\/p>\n<table border=\"0\" cellpadding=\"2\" cellspacing=\"0\" width=\"100%\">\n<tr>\n<td width=\"50%\" align=\"center\"><img loading=\"lazy\" border=\"0\" src=\"https:\/\/www.willizblog.de\/albpics\/winter2006_03_12_1.jpg\" alt=\"Winter in Tostedt (12.03.2006)\" width=\"300\" height=\"200\"><\/td>\n<td width=\"50%\" align=\"center\"><img loading=\"lazy\" border=\"0\" src=\"https:\/\/www.willizblog.de\/albpics\/winter2006_03_12_2.jpg\" alt=\"Winter in Tostedt (12.03.2006)\" width=\"300\" height=\"200\"><\/td>\n<\/tr>\n<tr>\n<td width=\"100%\" align=\"center\" colspan=\"2\"><font face=\"Lucida Grande, Lucida Sans Unicode, Verdana, sans-serif\" size=\"2\">Ein sonniger Wintertag in Tostedt (12.03.2006)<\/font><\/td>\n<\/tr>\n<\/table>\n","protected":false},"excerpt":{"rendered":"<p>Nach dem f\u00fcr Mitte M\u00e4rz in diesen Mengen ungew\u00f6hnlich vielen Schnee im Norden Deutschlands war es in der Nacht zu heute bitter kalt. In Tostedt haben wir -11,3 \u00b0 C gemessen. Daf\u00fcr scheint aber heute die Sonne, die viele Menschen zu einem Spaziergang einl\u00e4dt: Wirklich ein wundersch\u00f6ner Wintertag im M\u00e4rz. Ein sonniger Wintertag in Tostedt &hellip; <a href=\"https:\/\/willizblog.de\/?p=411\" class=\"more-link\"><span class=\"screen-reader-text\">Nach dem Schneechaos<\/span> weiterlesen <span class=\"meta-nav\">&rarr;<\/span><\/a><\/p>\n","protected":false},"author":1,"featured_media":0,"comment_status":"closed","ping_status":"closed","sticky":false,"template":"","format":"standard","meta":[],"categories":[16,11],"tags":[],"_links":{"self":[{"href":"https:\/\/willizblog.de\/index.php?rest_route=\/wp\/v2\/posts\/411"}],"collection":[{"href":"https:\/\/willizblog.de\/index.php?rest_route=\/wp\/v2\/posts"}],"about":[{"href":"https:\/\/willizblog.de\/index.php?rest_route=\/wp\/v2\/types\/post"}],"author":[{"embeddable":true,"href":"https:\/\/willizblog.de\/index.php?rest_route=\/wp\/v2\/users\/1"}],"replies":[{"embeddable":true,"href":"https:\/\/willizblog.de\/index.php?rest_route=%2Fwp%2Fv2%2Fcomments&post=411"}],"version-history":[{"count":0,"href":"https:\/\/willizblog.de\/index.php?rest_route=\/wp\/v2\/posts\/411\/revisions"}],"wp:attachment":[{"href":"https:\/\/willizblog.de\/index.php?rest_route=%2Fwp%2Fv2%2Fmedia&parent=411"}],"wp:term":[{"taxonomy":"category","embeddable":true,"href":"https:\/\/willizblog.de\/index.php?rest_route=%2Fwp%2Fv2%2Fcategories&post=411"},{"taxonomy":"post_tag","embeddable":true,"href":"https:\/\/willizblog.de\/index.php?rest_route=%2Fwp%2Fv2%2Ftags&post=411"}],"curies":[{"name":"wp","href":"https:\/\/api.w.org\/{rel}","templated":true}]}}