{"id":412,"date":"2006-03-13T05:35:38","date_gmt":"2006-03-13T04:35:38","guid":{"rendered":"http:\/\/www.albinz.de\/blog\/?p=412"},"modified":"2006-03-13T05:35:38","modified_gmt":"2006-03-13T04:35:38","slug":"durch-wiese-in-die-krise","status":"publish","type":"post","link":"https:\/\/willizblog.de\/?p=412","title":{"rendered":"Durch Wiese in die Krise?"},"content":{"rendered":"<p>Nach der indiskutablen Leistung Zuhause beim 0:3 gegen Hertha BSC hat sich Werder Bremen vorerst auch aus den R\u00e4ngen verabschiedet, die zur Champions League berechtigen. Immerhin hat man noch 15 Punkte Vorsprung vor dem N\u00e4chstplatzierten, dem VfB Stuttgart. Der UEFA-Cup ist weiterhin m\u00f6glich. Absteigen kann Werder nicht mehr.<\/p>\n<ul><img src=\"https:\/\/www.willizblog.de\/albpics\/werder0506_st25.jpg\" alt=\"Werders Blamage\" \/><\/ul>\n<p>Nach dem katastrophalen Fehler im Champions League-Spiel gegen Juventus Turin war es wieder Tim Wiese, der durch einen erneuten Bockmist die Mannschaft gegen die Berliner auf die Verliererstra\u00dfe brachte. Allerdings zeigte sich die gesamte Mannschaft von ihrer schlechtesten Seite. Vielleicht sollte Tim Wiese doch einmal sein Trikot wechseln &#8211; das ros\u00e9-farbene trieft vor Pech!<\/p>\n","protected":false},"excerpt":{"rendered":"<p>Nach der indiskutablen Leistung Zuhause beim 0:3 gegen Hertha BSC hat sich Werder Bremen vorerst auch aus den R\u00e4ngen verabschiedet, die zur Champions League berechtigen. Immerhin hat man noch 15 Punkte Vorsprung vor dem N\u00e4chstplatzierten, dem VfB Stuttgart. Der UEFA-Cup ist weiterhin m\u00f6glich. Absteigen kann Werder nicht mehr. Nach dem katastrophalen Fehler im Champions League-Spiel &hellip; <a href=\"https:\/\/willizblog.de\/?p=412\" class=\"more-link\"><span class=\"screen-reader-text\">Durch Wiese in die Krise?<\/span> weiterlesen <span class=\"meta-nav\">&rarr;<\/span><\/a><\/p>\n","protected":false},"author":1,"featured_media":0,"comment_status":"closed","ping_status":"closed","sticky":false,"template":"","format":"standard","meta":[],"categories":[27],"tags":[],"_links":{"self":[{"href":"https:\/\/willizblog.de\/index.php?rest_route=\/wp\/v2\/posts\/412"}],"collection":[{"href":"https:\/\/willizblog.de\/index.php?rest_route=\/wp\/v2\/posts"}],"about":[{"href":"https:\/\/willizblog.de\/index.php?rest_route=\/wp\/v2\/types\/post"}],"author":[{"embeddable":true,"href":"https:\/\/willizblog.de\/index.php?rest_route=\/wp\/v2\/users\/1"}],"replies":[{"embeddable":true,"href":"https:\/\/willizblog.de\/index.php?rest_route=%2Fwp%2Fv2%2Fcomments&post=412"}],"version-history":[{"count":0,"href":"https:\/\/willizblog.de\/index.php?rest_route=\/wp\/v2\/posts\/412\/revisions"}],"wp:attachment":[{"href":"https:\/\/willizblog.de\/index.php?rest_route=%2Fwp%2Fv2%2Fmedia&parent=412"}],"wp:term":[{"taxonomy":"category","embeddable":true,"href":"https:\/\/willizblog.de\/index.php?rest_route=%2Fwp%2Fv2%2Fcategories&post=412"},{"taxonomy":"post_tag","embeddable":true,"href":"https:\/\/willizblog.de\/index.php?rest_route=%2Fwp%2Fv2%2Ftags&post=412"}],"curies":[{"name":"wp","href":"https:\/\/api.w.org\/{rel}","templated":true}]}}