{"id":4120,"date":"2011-03-02T10:27:50","date_gmt":"2011-03-02T09:27:50","guid":{"rendered":"http:\/\/www.willizblog.de\/?p=4120"},"modified":"2011-03-02T10:23:33","modified_gmt":"2011-03-02T09:23:33","slug":"der-tiefe-graben-im-meinungsbild","status":"publish","type":"post","link":"https:\/\/willizblog.de\/?p=4120","title":{"rendered":"Der tiefe Graben im Meinungsbild"},"content":{"rendered":"<p>Karl-Theodor zu Guttenberg hat Recht: Es gibt Wichtigeres als die Diskussion um seine Person. Aber die hat jetzt ja ein Ende: Guttenberg nimmt seinen Hut! Das hat zwar etwas gedauert; Herr Gutenberg nennt in seiner <a href=\"http:\/\/www.zdf.de\/ZDFmediathek\/content\/1272928\" target=\"_blank\">R\u00fccktrittserkl\u00e4rung<\/a> hierf\u00fcr akzeptable Gr\u00fcnde. Dass er freiwillig geht \u2013 daf\u00fcr zolle ich ihm meinen Respekt.<\/p>\n<p>Freiwillig? Ginge es nach <a href=\"http:\/\/www.heute.de\/ZDFheute\/inhalt\/9\/0,3672,8215209,00.html\" target=\"_blank\">Volkes Meinung<\/a>, dann w\u00e4re Guttenberg auch heute noch Verteidigungsminister mit guten Aussichten, Frau Merkel eines Tages abzul\u00f6sen. Von einer &#8222;medialen Hetzjagd&#8220; ist die Rede \u2013 und: \u201eDie Medien sollten sich wieder mehr an der \u00f6ffentlichen mehrheitlichen Mehrheit orientieren.\u201c (User &#8222;shegerer&#8220; im <a href=\"http:\/\/blog.zdf.de\/zdfdasblog\/2011\/02\/guttenbergs-rucktritt-auf-rate.html\" target=\"_blank\">heute.de-Blog &#8222;Kennzeichen digital&#8220;<\/a>) Guttenbergs Plagiat stellt sich f\u00fcr viele als Bagatelle dar: \u201e&#8230; wie Abschreiben in der Schule, das hat doch jeder einmal getan!\u201c. Daher ist es f\u00fcr viele auch nicht nachvollziehbar, dass Guttenberg wegen eines vermeintlichen Kavaliersdeliktes seinen R\u00fccktritt erkl\u00e4rt.<\/p>\n<p>Was die Ausrichtung der Medien an der \u201amehrheitlichen\u2019 Mehrheit betrifft, da sollte uns die BILD-Zeitung gen\u00fcgen. Und es soll tats\u00e4chlich vorkommen, dass einige Sch\u00fcler auch \u201aohne Abschreiben\u2019 zu guten Noten kommen. Das Plagiat Guttenbergs ist keine Jugends\u00fcnde, die w\u00e4re sicherlich verzeihlich. Es ist T\u00e4uschung und L\u00fcge. Wenn ein Mann wie Guttenberg wohlfeile Reden h\u00e4lt, in denen er hohe Anspr\u00fcche an sich und andere stellt, dann strahlt eine solche Verfehlung ein Licht aus, das dunkle Schatten wirft.<\/p>\n<p>Die Plagiataff\u00e4re ist f\u00fcr mich nur die Spitze eines Eisbergs <a href=\"http:\/\/www.zdf.de\/ZDFmediathek\/content\/1264002\" target=\"_blank\">weiterer Aff\u00e4ren<\/a>. Es ist der bisherige <a href=\"http:\/\/www.zdf.de\/ZDFmediathek\/content\/1264738\" target=\"_blank\">Zick-Zack-Kurs<\/a> des Herrn Guttenberg, der ihn dieses sagen l\u00e4sst, um anderes dann zu tun (<a href=\"http:\/\/www.heute.de\/ZDFheute\/inhalt\/11\/0,3672,8201259,00.html\" target=\"_blank\">Stichworte: Opel, Kundus, Wehrpflicht<\/a>). Sein sorgsam aufgebautes Macher-Image deckt sich nicht mit seinen Taten.<\/p>\n<p>Was mich erschreckt, ist der tiefe Graben, der sich durchs deutsche Meinungsbild in Sachen Guttenberg zieht. Volkes Meinung ist gepr\u00e4gt vom Schein. Das spricht f\u00fcr eine erfolgreiche Imagepflege. Herr Guttenberg gibt sich eloquent, wohl gekleidet und volksnah. Ein Mann von Adel. Und ein Macher eben. Aber wie sieht die Wirklichkeit aus? An diesem so makellos scheinenden Lack kratzte nun eine ganze Webgemeinde. Ohne <a href=\"http:\/\/www.heute.de\/ZDFheute\/inhalt\/18\/0,3672,8217074,00.html\" target=\"_blank\">Internet<\/a>, so die Experten, w\u00e4re sein R\u00fccktritt wohl nicht denkbar. Besonders der <a href=\"http:\/\/www.facebook.com\/OffenerBrief?sk=app_4949752878\" target=\"_blank\">Aufruf von 23.000 Doktoranden<\/a> gegen Guttenberg d\u00fcrfte ihm den letzten Rest gegeben haben. Nat\u00fcrlich sollten solche Aktionen (besonders wie die gemeinschaftliche Dokumentation der Guttenberg-Plagiate auf dem <a href=\"http:\/\/de.guttenplag.wikia.com\/wiki\/Plagiate\" target=\"_blank\">GuttenPlag Wiki<\/a>) nicht zum Tagesgesch\u00e4ft werden (Oder doch?). Ist Guttenberg also freiwillig gegangen? Wohl nicht ganz.<\/p>\n<p>Wird sich Guttenberg nun v\u00f6llig aus der Politik zur\u00fcckziehen oder hofft er auf eine zweite Chance? Entsteigt  er als gel\u00e4uterter S\u00fcnder wie Phoenix eines Tages aus der Asche hervor? Es deutet einiges daraufhin, dass er in seiner R\u00fccktrittsrede bereits den <a href=\"http:\/\/www.zdf.de\/ZDFmediathek\/content\/1272992\" target=\"_blank\">Grundstock f\u00fcr ein Comeback<\/a> gelegt hat.<\/p>\n<p>Auch wenn er sich bisher redegewandt und volksnah gab, so wenig interessierte ihn \u2013 nach meiner Meinung \u2013 das Volk selbst. Es war lediglich Selbstzweck. Ihn interessierten nur die W\u00e4hlerstimmen, um an die Macht zu kommen. Wie volksnah er wirklich war, beweist das Beispiel Opel: Zun\u00e4chst wollte Guttenberg Opel den M\u00e4rkten \u00fcberlassen, staatliche Hilfen lehnte er ab. Die Arbeitnehmer interessierten ihn dabei wenig. Erst, als es opportun erschien, \u00e4nderte er die Richtung.<\/p>\n","protected":false},"excerpt":{"rendered":"<p>Karl-Theodor zu Guttenberg hat Recht: Es gibt Wichtigeres als die Diskussion um seine Person. Aber die hat jetzt ja ein Ende: Guttenberg nimmt seinen Hut! Das hat zwar etwas gedauert; Herr Gutenberg nennt in seiner R\u00fccktrittserkl\u00e4rung hierf\u00fcr akzeptable Gr\u00fcnde. Dass er freiwillig geht \u2013 daf\u00fcr zolle ich ihm meinen Respekt. Freiwillig? Ginge es nach Volkes &hellip; <a href=\"https:\/\/willizblog.de\/?p=4120\" class=\"more-link\"><span class=\"screen-reader-text\">Der tiefe Graben im Meinungsbild<\/span> weiterlesen <span class=\"meta-nav\">&rarr;<\/span><\/a><\/p>\n","protected":false},"author":1,"featured_media":0,"comment_status":"open","ping_status":"open","sticky":false,"template":"","format":"standard","meta":[],"categories":[12],"tags":[259,262,235,261,236,260,263],"_links":{"self":[{"href":"https:\/\/willizblog.de\/index.php?rest_route=\/wp\/v2\/posts\/4120"}],"collection":[{"href":"https:\/\/willizblog.de\/index.php?rest_route=\/wp\/v2\/posts"}],"about":[{"href":"https:\/\/willizblog.de\/index.php?rest_route=\/wp\/v2\/types\/post"}],"author":[{"embeddable":true,"href":"https:\/\/willizblog.de\/index.php?rest_route=\/wp\/v2\/users\/1"}],"replies":[{"embeddable":true,"href":"https:\/\/willizblog.de\/index.php?rest_route=%2Fwp%2Fv2%2Fcomments&post=4120"}],"version-history":[{"count":0,"href":"https:\/\/willizblog.de\/index.php?rest_route=\/wp\/v2\/posts\/4120\/revisions"}],"wp:attachment":[{"href":"https:\/\/willizblog.de\/index.php?rest_route=%2Fwp%2Fv2%2Fmedia&parent=4120"}],"wp:term":[{"taxonomy":"category","embeddable":true,"href":"https:\/\/willizblog.de\/index.php?rest_route=%2Fwp%2Fv2%2Fcategories&post=4120"},{"taxonomy":"post_tag","embeddable":true,"href":"https:\/\/willizblog.de\/index.php?rest_route=%2Fwp%2Fv2%2Ftags&post=4120"}],"curies":[{"name":"wp","href":"https:\/\/api.w.org\/{rel}","templated":true}]}}