{"id":4127,"date":"2011-03-04T10:15:35","date_gmt":"2011-03-04T09:15:35","guid":{"rendered":"http:\/\/www.willizblog.de\/?p=4127"},"modified":"2011-03-03T12:16:57","modified_gmt":"2011-03-03T11:16:57","slug":"sven-regener-der-kleine-bruder","status":"publish","type":"post","link":"https:\/\/willizblog.de\/?p=4127","title":{"rendered":"Sven Regener: Der kleine Bruder"},"content":{"rendered":"<p>Es lag schon l\u00e4ngere Zeit auf meinem Nachtschrank, der noch fehlende dritte Teil von  <a href=\"https:\/\/www.amazon.de\/gp\/search?ie=UTF8&#038;keywords=Sven%20Regener%20Lehmann%20Bruder%20Vahr&#038;tag=familiealbin-21&#038;index=books&#038;linkCode=ur2&#038;camp=1638&#038;creative=6742\" target=\"_blank\"><strong>Sven Regener &#8211; Herr Lehmann Trilogie<\/strong><\/a><img loading=\"lazy\" src=\"https:\/\/www.assoc-amazon.de\/e\/ir?t=familiealbin-21&#038;l=ur2&#038;o=3\" width=\"1\" height=\"1\" border=\"0\" alt=\"\" style=\"border:none !important; margin:0px !important;\" \/>: <a href=\"https:\/\/de.wikipedia.org\/wiki\/Der_kleine_Bruder\" target=\"_blank\">Der kleine Bruder<\/a>. Endlich habe ich es geschafft, den kleinen Roman zu lesen. Aber eines nach dem anderen.<\/p>\n<p>Eigentlich war es Zufall, dass meine Frau vor einigen Jahren <a href=\"https:\/\/de.wikipedia.org\/wiki\/Sven_Regener\" target=\"_blank\">Sven Regeners<\/a> Roman \u201eHerr Lehmann\u201c kaufte. Wir mussten auf einen Anschlusszug warten und st\u00f6berten so in einem Zeitschriftenladen am Hamburger Hauptbahnhof nach Neuerscheinung auf dem Buchmarkt:<\/p>\n<p>\u201eDie Handlung des Romans ist in Berlin-Kreuzberg im Sommer und Herbst des Jahres 1989 angesiedelt. &#8230; Der 29-j\u00e4hrige Frank Lehmann, von seinen Freunden ihm zum Missfallen nur immer \u201eHerr Lehmann\u201c genannt, lebt in Berlin-Kreuzberg und arbeitet dort in einer kleinen Kneipe, dem \u201eEinfall\u201c. Die Geschichte um Herrn Lehmann und seine Freunde thematisiert ein Lebensgef\u00fchl junger Erwachsener in West-Berlin kurz vor dem Fall der Berliner Mauer im Herbst 1989.\u201c (<a href=\"https:\/\/de.wikipedia.org\/wiki\/Herr_Lehmann\" target=\"_blank\">de.wikipedia.org<\/a>)<\/p>\n<p><iframe loading=\"lazy\" width=\"540\" height=\"320\" frameborder=\"0\" scrolling=\"no\" marginheight=\"0\" marginwidth=\"0\" src=\"https:\/\/maps.google.de\/maps?q=berlin+wiener+stra%C3%9Fe&amp;oe=utf-8&amp;client=firefox-a&amp;ie=UTF8&amp;hq=&amp;hnear=Wiener+Stra%C3%9Fe,+Berlin&amp;gl=de&amp;layer=c&amp;cbll=52.497339,13.432074&amp;panoid=uHmigPTYMyOfv1szZeX7oA&amp;cbp=13,190.41,,0,4.31&amp;source=embed&amp;ll=52.492554,13.432074&amp;spn=0.016723,0.046349&amp;z=14&amp;output=svembed\"><\/iframe><br \/><small><a href=\"https:\/\/maps.google.de\/maps?q=berlin+wiener+stra%C3%9Fe&amp;oe=utf-8&amp;client=firefox-a&amp;ie=UTF8&amp;hq=&amp;hnear=Wiener+Stra%C3%9Fe,+Berlin&amp;gl=de&amp;layer=c&amp;cbll=52.497339,13.432074&amp;panoid=uHmigPTYMyOfv1szZeX7oA&amp;cbp=13,190.41,,0,4.31&amp;source=embed&amp;ll=52.492554,13.432074&amp;spn=0.016723,0.046349&amp;z=14\" style=\"color:#0000FF;text-align:left\">Gr\u00f6\u00dfere Kartenansicht<\/a><\/small><br \/>\nWiener Stra\u00dfe \/ Ecke Ohlauer Stra\u00dfe \u2013 Berlin \u2013 Standort der Kneipe \u201cEinfall\u201d<\/p>\n<p>Nach diesem Roman erschien ein zweiter Teil: <a href=\"https:\/\/www.willizblog.de\/?p=1171\" target=\"_blank\">Neue Vahr S\u00fcd<\/a>, der ab 30. Juni 1980 bis Mitte November des gleichen Jahres spielt und \u201eHerrn Lehmann\u201c u.a. bei der Bundeswehr zeigt.<\/p>\n<p>Mit \u201eDer kleine Bruder\u201c vervollst\u00e4ndigte Sven Regener seine <a href=\"https:\/\/www.amazon.de\/gp\/search?ie=UTF8&#038;keywords=Sven%20Regener%20Lehmann%20Bruder%20Vahr&#038;tag=familiealbin-21&#038;index=books&#038;linkCode=ur2&#038;camp=1638&#038;creative=6742\" target=\"_blank\"><strong>Herr Lehmann Trilogie<\/strong><\/a><img loading=\"lazy\" src=\"https:\/\/www.assoc-amazon.de\/e\/ir?t=familiealbin-21&#038;l=ur2&#038;o=3\" width=\"1\" height=\"1\" border=\"0\" alt=\"\" style=\"border:none !important; margin:0px !important;\" \/>. Dieser Roman ist das Mittelst\u00fcck der Trilogie und setzt zeitlich dort fort, wo \u201eNeue Vahr S\u00fcd\u201c endete. Wir erleben Frank Lehmann, der von der Bundeswehr vorzeitig entlassen wurde, auf der Fahrt nach Berlin, um dort seinen \u201agro\u00dfen Bruder\u2019 zu besuchen. Allein die H\u00e4lfte des Romans von rund 280 Seiten macht diesen ersten Tag in Berlin aus. Insgesamt spielt der Roman vom 12. bis 14. November 1980. \u201eAuf der Suche nach seinem Bruder, dem spannungsbildenden Element der Gesamthandlung, lernt der junge Frank Lehmann eine Nische des Berliner Underground Anfang der 1980er Jahre kennen und bewegt sich in dem nur wenige Stra\u00dfenz\u00fcge umfassenden Mikrokosmos der Hausbesetzer, Punks und K\u00fcnstler. Auf den n\u00e4chtlichen Streifz\u00fcgen durch die Szenelokale mit Karl, dem Mitbewohner von Freddie, mit dem Frank Lehmann sich anfreundet, begegnen ihm immer wieder dieselben Menschen und gegen Ende des Romans hat sich Frank von seinem gro\u00dfen Bruder bereits emanzipiert, einen Job in der Kneipe \u201aEinfall\u2019 und ein WG-Zimmer \u00fcber dieser Kneipe.\u201c (<a href=\"https:\/\/de.wikipedia.org\/wiki\/Der_kleine_Bruder\" target=\"_blank\">de.wikipedia.org<\/a>)<\/p>\n<p>Wer \u201aHerrn Lehmann\u2019 bereits aus den ersten beiden B\u00fcchern kennt, hat es leichter, sich in die Gedanken des Helden hineinzuversetzen, denn Regener benutzt verst\u00e4rkt die <a href=\"https:\/\/de.wikipedia.org\/wiki\/Bewusstseinsstrom\" target=\"_blank\">\u201aWiedergabe der Bewusstseinsinhalte\u2019<\/a> seiner Figur Lehmann als stilistisches Mittel. Und es gibt lange Gespr\u00e4chspassagen zwischen den Akteuren, die die \u201eKommunikationsstruktur andeuten sollen, wie sie u. a. in der damaligen Hausbesetzungs- und Wohngemeinschaftsszene \u00fcblich war.\u201c<\/p>\n<p>Obwohl der spezielle Lehmann-Humor auch hier wieder zum Tragen kommt (daher liebe ich ja \u201aLehmann\u2019), so hat mich dieser Roman doch ziemlich entt\u00e4uscht. Dabei sollte es mir eigentlich geholfen haben, dass ich \u00e4hnlich wie zu \u201aNeue Vahr-S\u00fcd\u2019 die Ostertor\/Steintorszene in Bremen, auch die <a href=\"http:\/\/user.cs.tu-berlin.de\/~werni\/Bezirke\/kreuzberg.html\" target=\"_blank\">Szene der 80er Jahre in Berlin-Kreuzberg<\/a> ansatzweise kenne (ich erinnere mich an eine Kneipe namens \u201eRuine\u201c, die nicht umsonst diesen Namen trug). Aber zum einen fehlt es mir an Handlung, zum anderen verirren sich Lehmanns Gedankeng\u00e4nge in Welten, die ich \u2013 vielleicht aus Langeweile \u2013 nicht mehr nachvollziehen kann\/will. Auch das Romanende ist etwas \u201aabstrus\u2019 (um ein beliebtes Wort dieser Tage zu verwenden), als Frank Lehmann seinen Bruder Manfred endlich findet.<\/p>\n<p>Allein der Szene-Sprache wegen ist das Buch lesenswert. Aber von den drei Teilen der Lehmann-Trilogie ist es f\u00fcr mich der schw\u00e4chste (\u201eNeue Vahr S\u00fcd\u201c ist der beste). Und trotzdem bin ich gewisserma\u00dfen traurig, denn mit diesem Roman endet die Trilogie. Es bleibt zwar noch die Zeit Lehmanns Aufenthalt in Berlin zwischen Ende 1980 und Sommer 1989 \u201aoffen\u2019. Aber thematisch hat sich \u201aLehmann\u2019 erledigt. Allerdings hei\u00dft es (auch in diesem Roman): Dreimal ist Bremer Recht! Und manchmal antwortet man darauf: Viermal ist auch nicht schlecht!<\/p>\n","protected":false},"excerpt":{"rendered":"<p>Es lag schon l\u00e4ngere Zeit auf meinem Nachtschrank, der noch fehlende dritte Teil von Sven Regener &#8211; Herr Lehmann Trilogie: Der kleine Bruder. Endlich habe ich es geschafft, den kleinen Roman zu lesen. Aber eines nach dem anderen. Eigentlich war es Zufall, dass meine Frau vor einigen Jahren Sven Regeners Roman \u201eHerr Lehmann\u201c kaufte. Wir &hellip; <a href=\"https:\/\/willizblog.de\/?p=4127\" class=\"more-link\"><span class=\"screen-reader-text\">Sven Regener: Der kleine Bruder<\/span> weiterlesen <span class=\"meta-nav\">&rarr;<\/span><\/a><\/p>\n","protected":false},"author":1,"featured_media":0,"comment_status":"open","ping_status":"open","sticky":false,"template":"","format":"standard","meta":[],"categories":[3],"tags":[278,276,281,277,279,280,275,282],"_links":{"self":[{"href":"https:\/\/willizblog.de\/index.php?rest_route=\/wp\/v2\/posts\/4127"}],"collection":[{"href":"https:\/\/willizblog.de\/index.php?rest_route=\/wp\/v2\/posts"}],"about":[{"href":"https:\/\/willizblog.de\/index.php?rest_route=\/wp\/v2\/types\/post"}],"author":[{"embeddable":true,"href":"https:\/\/willizblog.de\/index.php?rest_route=\/wp\/v2\/users\/1"}],"replies":[{"embeddable":true,"href":"https:\/\/willizblog.de\/index.php?rest_route=%2Fwp%2Fv2%2Fcomments&post=4127"}],"version-history":[{"count":0,"href":"https:\/\/willizblog.de\/index.php?rest_route=\/wp\/v2\/posts\/4127\/revisions"}],"wp:attachment":[{"href":"https:\/\/willizblog.de\/index.php?rest_route=%2Fwp%2Fv2%2Fmedia&parent=4127"}],"wp:term":[{"taxonomy":"category","embeddable":true,"href":"https:\/\/willizblog.de\/index.php?rest_route=%2Fwp%2Fv2%2Fcategories&post=4127"},{"taxonomy":"post_tag","embeddable":true,"href":"https:\/\/willizblog.de\/index.php?rest_route=%2Fwp%2Fv2%2Ftags&post=4127"}],"curies":[{"name":"wp","href":"https:\/\/api.w.org\/{rel}","templated":true}]}}