{"id":413,"date":"2006-03-15T17:04:35","date_gmt":"2006-03-15T16:04:35","guid":{"rendered":"http:\/\/www.albinz.de\/blog\/?p=413"},"modified":"2006-03-14T14:17:55","modified_gmt":"2006-03-14T13:17:55","slug":"schweine-dachboden-und-keller-mucke","status":"publish","type":"post","link":"https:\/\/willizblog.de\/?p=413","title":{"rendered":"Schweine-Dachboden-und-Keller-Mucke"},"content":{"rendered":"<p>An diesem Wochenende stolperte ich \u00fcber alte Musik-Kassetten mit Aufnahmen der legend\u00e4ren Gruppe <strong>Black Out<\/strong>. Noch nichts davon geh\u00f6rt? Kein Wunder! Black Out ist eine Band, in der ich vor vielen Jahren die elektrische Bassgitarre gezupft und dazu gesungen habe. Es war wohl im Januar 1972 (so lange ist das schon her), als ich mich mit meinem Bruder Armin und weiteren Anverwandten zusammengefunden hatte, um so aus <em>Spa\u00df an der Freude<\/em> zu musizieren. Das Produkt dieser Bet\u00e4tigung wird in Musikerkreisen als <em>Schweinemucke<\/em> bezeichnet. Und da das Ganze zun\u00e4chst auf einem Dachboden startete und fast 20 Jahre sp\u00e4ter in einem Keller endete, passt der obrige Titel ganz gut.<\/p>\n<ul><img src=\"https:\/\/www.albinz.net\/images\/blackout72k.jpg\" alt=\"Black Out 1972\" \/><\/ul>\n<p>Nun alles war nicht nur <em>Schweinemucke<\/em> (Musik, die man eigentlich nicht mag, aber spielt, um damit bisschen Geld zu verdienen). Wir spielten auch Sachen, die uns selbst gut gefielen bzw. auch einiges aus eigener Feder. Vor vier Jahren hatte ich alte Fotos ausgegraben, gescannt und zu einem Video zusammengef\u00fcgt. Und eine Aufnahme (<em>Lay down, Sally<\/em> &#8211; Bass und Gesang meine Wenigkeit) von einer der besagten Musik-Kassetten &#8218;digitalisiert&#8216;. Zu finden war und ist dieses Video (und zwei weitere Musikst\u00fccke zum Abspielen) auf meiner, eben <a href=\"https:\/\/www.albinz.net\/musikwa.html\" target=\"_blank\">WilliZ Musike-Seite<\/a>.<\/p>\n<p>Ich habe inzwischen auch die Arbeitsdatei des Videos wiedergefunden, das St\u00fcck &#8222;Lay down, Sally&#8220; nochmals auf den Rechner gespielt (mit Hilfe eines alten Walkmans) und mit einer Audiosoftware (Nero Wave Editor &#8211; findet sich wohl bei der Brennsoftware &#8218;Nero Burning Rom(e)&#8216;) etwas \u00fcberarbeitet.<\/p>\n<p>Hier nun das etwas verbesserte Ergebnis (Musikaufnahme von 1981 mit noch \u00e4lteren Fotos): <a href=\"https:\/\/www.albinz.net\/blackout.html\" target=\"_blank\">Black Out spielt &#8222;Lay down, Sally&#8220;.<\/a><\/p>\n","protected":false},"excerpt":{"rendered":"<p>An diesem Wochenende stolperte ich \u00fcber alte Musik-Kassetten mit Aufnahmen der legend\u00e4ren Gruppe Black Out. Noch nichts davon geh\u00f6rt? Kein Wunder! Black Out ist eine Band, in der ich vor vielen Jahren die elektrische Bassgitarre gezupft und dazu gesungen habe. Es war wohl im Januar 1972 (so lange ist das schon her), als ich mich &hellip; <a href=\"https:\/\/willizblog.de\/?p=413\" class=\"more-link\"><span class=\"screen-reader-text\">Schweine-Dachboden-und-Keller-Mucke<\/span> weiterlesen <span class=\"meta-nav\">&rarr;<\/span><\/a><\/p>\n","protected":false},"author":1,"featured_media":0,"comment_status":"closed","ping_status":"closed","sticky":false,"template":"","format":"standard","meta":[],"categories":[5],"tags":[],"_links":{"self":[{"href":"https:\/\/willizblog.de\/index.php?rest_route=\/wp\/v2\/posts\/413"}],"collection":[{"href":"https:\/\/willizblog.de\/index.php?rest_route=\/wp\/v2\/posts"}],"about":[{"href":"https:\/\/willizblog.de\/index.php?rest_route=\/wp\/v2\/types\/post"}],"author":[{"embeddable":true,"href":"https:\/\/willizblog.de\/index.php?rest_route=\/wp\/v2\/users\/1"}],"replies":[{"embeddable":true,"href":"https:\/\/willizblog.de\/index.php?rest_route=%2Fwp%2Fv2%2Fcomments&post=413"}],"version-history":[{"count":0,"href":"https:\/\/willizblog.de\/index.php?rest_route=\/wp\/v2\/posts\/413\/revisions"}],"wp:attachment":[{"href":"https:\/\/willizblog.de\/index.php?rest_route=%2Fwp%2Fv2%2Fmedia&parent=413"}],"wp:term":[{"taxonomy":"category","embeddable":true,"href":"https:\/\/willizblog.de\/index.php?rest_route=%2Fwp%2Fv2%2Fcategories&post=413"},{"taxonomy":"post_tag","embeddable":true,"href":"https:\/\/willizblog.de\/index.php?rest_route=%2Fwp%2Fv2%2Ftags&post=413"}],"curies":[{"name":"wp","href":"https:\/\/api.w.org\/{rel}","templated":true}]}}