{"id":4158,"date":"2011-03-10T10:34:20","date_gmt":"2011-03-10T09:34:20","guid":{"rendered":"http:\/\/www.willizblog.de\/?p=4158"},"modified":"2011-03-10T10:34:20","modified_gmt":"2011-03-10T09:34:20","slug":"herzlich","status":"publish","type":"post","link":"https:\/\/willizblog.de\/?p=4158","title":{"rendered":"Herzlich"},"content":{"rendered":"<p>Es ist doch wohltuend, morgens bereits herzlich im Zug gegr\u00fc\u00dft zu werden: \u201eWerte Fahrg\u00e4ste, wir begr\u00fc\u00dfen Sie herzlich &#8230; zur Fahrt nach &#8230; und w\u00fcnschen Ihnen eine angenehme Fahrt!\u201c So, oder so \u00e4hnlich. Angesichts des Streiks bei der Bahn und hier bei uns beim <a href=\"http:\/\/www.der-metronom.de\/\" target=\"_blank\">Metronom<\/a> klingt das aber fast wie Hohn. \u00dcberhaupt: Herzlich begr\u00fc\u00dft werden m\u00f6chte ich von meiner Frau, meinen Kindern und guten Freunden, aber nicht von wildfremden Zugbegleitern. <\/p>\n<p>Nun heute wurde ich nicht herzlich begr\u00fc\u00dft; ich wurde gar nicht begr\u00fc\u00dft. Per Lautsprecherdurchsage am Bahnsteig wurde ich darauf hingewiesen, dass zwischen Bremen und Hamburg bis um 10 Uhr keine Z\u00fcge fahren werden. Nat\u00fcrlich wusste ich, dass die GDL (ich brauche wohl keinem zu erl\u00e4utern, f\u00fcr was diese drei Buchstaben stehen) heute von 4 Uhr bis 10 Uhr morgens zum Streik aufgerufen hat. Aber irgendwie muss ich ja zur Arbeit \u2013 und das geht bei mir nur mit dem Zug.<\/p>\n<p>So sitze ich jetzt also zu Hause, habe einen Tag frei nehmen m\u00fcssen, obwohl auf der Arbeit wichtige Dinge warten. Das ist das erste Mal, dass mir so etwas passiert.<\/p>\n<p>Daf\u00fcr m\u00f6chte ich der GDL \u201aherzlich\u2019 danken, so komme ich schon einmal dazu, meine Unterlagen f\u00fcr die Steuererkl\u00e4rung zusammenzusuchen und damit zu beginnen, via <a href=\"https:\/\/www.elster.de\/elfo_home.php\" target=\"_blank\">ElsterFormular<\/a> die ersten Daten einzutragen.<\/p>\n<p>Ein Tag mag ja noch gehen, aber wie wird es weitergehen? Wie viel Streik kommt da noch auf uns zu? Der Streik im G\u00fcterverkehr klappte \u00fcbrigens wohl nicht ganz so gut, nach den zahlreichen G\u00fcterz\u00fcgen zu urteilen, die heute Morgen bei uns vorbeirauschten. Daf\u00fcr hat es den Pendlerverkehr massiv getroffen. Ich m\u00f6chte nicht wissen, wie viele neben mir heute einen freien Tag genommen haben oder heute Abend ihre fehlenden Arbeitsstunden nachholen m\u00fcssen. Und ich m\u00f6chte nicht wissen, wie viele Sch\u00fcler heute anstehende Klausuren verpasst haben.<\/p>\n<p>Das breite Verst\u00e4ndnis f\u00fcr die Forderungen der Lokf\u00fchrer (Umfrage der Forschungsgruppe Wahlen f\u00fcr das <a href=\"http:\/\/www.zdf.de\/ZDFmediathek\/#\/beitrag\/video\/1270284\/Zu-Guttenberg:-Mehrheit-gegen-R%C3%BCcktritt\" target=\"_blank\">ZDF-Politbarometer<\/a>) d\u00fcrfte im Schwinden begriffen sein. Und es wird weiterschwinden, wenn man Pendler auch in den n\u00e4chsten Wochen zum S\u00fcndenbock machen wird. Ich habe keine Verst\u00e4ndnis f\u00fcr solch unsinnige Aktionen von Arbeitnehmern gegen Arbeitnehmern.<\/p>\n","protected":false},"excerpt":{"rendered":"<p>Es ist doch wohltuend, morgens bereits herzlich im Zug gegr\u00fc\u00dft zu werden: \u201eWerte Fahrg\u00e4ste, wir begr\u00fc\u00dfen Sie herzlich &#8230; zur Fahrt nach &#8230; und w\u00fcnschen Ihnen eine angenehme Fahrt!\u201c So, oder so \u00e4hnlich. Angesichts des Streiks bei der Bahn und hier bei uns beim Metronom klingt das aber fast wie Hohn. \u00dcberhaupt: Herzlich begr\u00fc\u00dft werden &hellip; <a href=\"https:\/\/willizblog.de\/?p=4158\" class=\"more-link\"><span class=\"screen-reader-text\">Herzlich<\/span> weiterlesen <span class=\"meta-nav\">&rarr;<\/span><\/a><\/p>\n","protected":false},"author":1,"featured_media":0,"comment_status":"open","ping_status":"open","sticky":false,"template":"","format":"standard","meta":[],"categories":[22],"tags":[],"_links":{"self":[{"href":"https:\/\/willizblog.de\/index.php?rest_route=\/wp\/v2\/posts\/4158"}],"collection":[{"href":"https:\/\/willizblog.de\/index.php?rest_route=\/wp\/v2\/posts"}],"about":[{"href":"https:\/\/willizblog.de\/index.php?rest_route=\/wp\/v2\/types\/post"}],"author":[{"embeddable":true,"href":"https:\/\/willizblog.de\/index.php?rest_route=\/wp\/v2\/users\/1"}],"replies":[{"embeddable":true,"href":"https:\/\/willizblog.de\/index.php?rest_route=%2Fwp%2Fv2%2Fcomments&post=4158"}],"version-history":[{"count":0,"href":"https:\/\/willizblog.de\/index.php?rest_route=\/wp\/v2\/posts\/4158\/revisions"}],"wp:attachment":[{"href":"https:\/\/willizblog.de\/index.php?rest_route=%2Fwp%2Fv2%2Fmedia&parent=4158"}],"wp:term":[{"taxonomy":"category","embeddable":true,"href":"https:\/\/willizblog.de\/index.php?rest_route=%2Fwp%2Fv2%2Fcategories&post=4158"},{"taxonomy":"post_tag","embeddable":true,"href":"https:\/\/willizblog.de\/index.php?rest_route=%2Fwp%2Fv2%2Ftags&post=4158"}],"curies":[{"name":"wp","href":"https:\/\/api.w.org\/{rel}","templated":true}]}}