{"id":4173,"date":"2011-03-13T15:36:19","date_gmt":"2011-03-13T14:36:19","guid":{"rendered":"http:\/\/www.willizblog.de\/?p=4173"},"modified":"2011-03-13T15:36:19","modified_gmt":"2011-03-13T14:36:19","slug":"endlich-fruhling","status":"publish","type":"post","link":"https:\/\/willizblog.de\/?p=4173","title":{"rendered":"Endlich Fr\u00fchling"},"content":{"rendered":"<p>Bis zum eigentlichen Fr\u00fchlingsanfang ist es noch \u00fcber eine Woche hin. Aber an diesem Wochenende stiegen endlich die Temperaturen deutlich \u00fcber 10 \u00b0C, die Sonne zeigte sich l\u00e4ngere Zeit, sodass man sich einmal l\u00e4ngere Zeit drau\u00dfen aufhalten konnte, ohne sich Frostblasen zu holen.<\/p>\n<p>Die Nacht zum Samstag war zwar wieder leicht frostig, aber den Blumen im Garten macht das nichts mehr aus. Im Sonnenschein bl\u00fchten Krokusse und Schneegl\u00f6ckchen tags\u00fcber voll auf. Es soll ab Mittwoch wieder leicht regnen. Der Fr\u00fchling l\u00e4sst sich aber nicht mehr aufhalten: Endlich Fr\u00fchling!<\/p>\n<table border=\"0\" cellpadding=\"4\" cellspacing=\"0\" width=\"100%\">\n<tr>\n<td width=\"50%\" rowspan=\"2\" align=\"center\"><img loading=\"lazy\" border=\"0\" src=\"https:\/\/www.willizblog.de\/blogpicts\/blumen2011_03_01.jpg\" alt=\"Fr\u00fchlingswiese bei AlbinZ mit Krokussen\" width=\"270\" height=\"360\"><\/td>\n<td width=\"50%\">\n<p align=\"center\"><img loading=\"lazy\" border=\"0\" src=\"https:\/\/www.willizblog.de\/blogpicts\/blumen2011_03_02.jpg\" alt=\"Fr\u00fchlingswiese bei AlbinZ mit Krokussen\" width=\"270\" height=\"203\"><\/td>\n<\/tr>\n<tr>\n<td width=\"50%\">\n<p align=\"center\"><img loading=\"lazy\" border=\"0\" src=\"https:\/\/www.willizblog.de\/blogpicts\/blumen2011_03_03.jpg\" alt=\"Fr\u00fchlingswiese bei AlbinZ mit Krokussen\" width=\"270\" height=\"203\"><\/td>\n<\/tr>\n<tr>\n<td width=\"100%\" colspan=\"2\">\n<p align=\"center\"><font face=\"Lucida Grande, Lucida Sans Unicode, Verdana, sans-serif\" size=\"2\">Fr\u00fchlingswiese bei AlbinZ mit Krokussen (M\u00e4rz 2011)<\/font><\/td>\n<\/tr>\n<\/table>\n","protected":false},"excerpt":{"rendered":"<p>Bis zum eigentlichen Fr\u00fchlingsanfang ist es noch \u00fcber eine Woche hin. Aber an diesem Wochenende stiegen endlich die Temperaturen deutlich \u00fcber 10 \u00b0C, die Sonne zeigte sich l\u00e4ngere Zeit, sodass man sich einmal l\u00e4ngere Zeit drau\u00dfen aufhalten konnte, ohne sich Frostblasen zu holen. Die Nacht zum Samstag war zwar wieder leicht frostig, aber den Blumen &hellip; <a href=\"https:\/\/willizblog.de\/?p=4173\" class=\"more-link\"><span class=\"screen-reader-text\">Endlich Fr\u00fchling<\/span> weiterlesen <span class=\"meta-nav\">&rarr;<\/span><\/a><\/p>\n","protected":false},"author":1,"featured_media":0,"comment_status":"open","ping_status":"open","sticky":false,"template":"","format":"standard","meta":[],"categories":[16],"tags":[],"_links":{"self":[{"href":"https:\/\/willizblog.de\/index.php?rest_route=\/wp\/v2\/posts\/4173"}],"collection":[{"href":"https:\/\/willizblog.de\/index.php?rest_route=\/wp\/v2\/posts"}],"about":[{"href":"https:\/\/willizblog.de\/index.php?rest_route=\/wp\/v2\/types\/post"}],"author":[{"embeddable":true,"href":"https:\/\/willizblog.de\/index.php?rest_route=\/wp\/v2\/users\/1"}],"replies":[{"embeddable":true,"href":"https:\/\/willizblog.de\/index.php?rest_route=%2Fwp%2Fv2%2Fcomments&post=4173"}],"version-history":[{"count":0,"href":"https:\/\/willizblog.de\/index.php?rest_route=\/wp\/v2\/posts\/4173\/revisions"}],"wp:attachment":[{"href":"https:\/\/willizblog.de\/index.php?rest_route=%2Fwp%2Fv2%2Fmedia&parent=4173"}],"wp:term":[{"taxonomy":"category","embeddable":true,"href":"https:\/\/willizblog.de\/index.php?rest_route=%2Fwp%2Fv2%2Fcategories&post=4173"},{"taxonomy":"post_tag","embeddable":true,"href":"https:\/\/willizblog.de\/index.php?rest_route=%2Fwp%2Fv2%2Ftags&post=4173"}],"curies":[{"name":"wp","href":"https:\/\/api.w.org\/{rel}","templated":true}]}}