{"id":4206,"date":"2011-03-19T10:39:04","date_gmt":"2011-03-19T09:39:04","guid":{"rendered":"http:\/\/www.willizblog.de\/?p=4206"},"modified":"2011-03-23T18:23:50","modified_gmt":"2011-03-23T17:23:50","slug":"die-verstrahlten-helden-von-fukushima","status":"publish","type":"post","link":"https:\/\/willizblog.de\/?p=4206","title":{"rendered":"Die verstrahlten Helden von Fukushima"},"content":{"rendered":"<p><img loading=\"lazy\" border=\"0\" src=\"https:\/\/www.willizblog.de\/blogpicts\/japan_trauer.jpg\" width=\"100\" height=\"100\"> Erst waren es 50 Mitarbeiter, die alles Erdenkliche taten, um den Super-GAU am Atomkraftwerk Fukushima zu verhindert. Schon jetzt gelten sie als die gro\u00dfen Helden, die \u201eFukushima 50\u201c, die ihr Leben riskierten, um den gr\u00f6\u00dften denkbaren Schaden von Land und Leuten abzuwenden. Inzwischen sollen sich nach einem Aufruf der Betreiberfirma Tepco weitere Mitarbeiter (auch von anderen AKWs) freiwillig f\u00fcr den <a href=\"https:\/\/de.wikipedia.org\/wiki\/Shimp%C5%AB_Tokk%C5%8Dtai\" target=\"_blank\">Kamikazeeinsatz<\/a> gemeldet haben. Auch Hubschrauber des Milit\u00e4rs kamen bis Donnerstag zum Einsatz, um Wasser \u00fcber dem Krisen-AKW abzuwerfen. Und inzwischen sollen 140 Feuerwehrleute die Armee unterst\u00fctzen.<\/p>\n<p>Am Freitagmittag (Ortszeit) begann man erneut, Reaktor 3 mit Wasserwerfern zu k\u00fchlen. Diese Methode soll auch bei Block 4 und wom\u00f6glich auch bei Block 1 helfen. Bei den Reaktoren 1 und 2 soll zudem eine neue Stromleitung das K\u00fchlsystem wieder zum Laufen bringen. Der Ausgang des Dramas bleibt aber weiterhin ungewiss.<\/p>\n<p>Experten gehen davon aus, das die meisten dieser Menschen dem Tod geweiht sind, weil die Strahlenbelastung vor Ort einfach zu hoch ist, um ungeschadet davon kommen zu k\u00f6nnen.<\/p>\n<p>Was veranlasst einen Menschen, sich freiwillig f\u00fcr diesen Einsatz auf Leben und Tod zu melden? \u201eEine Rolle mag dabei spielen, dass in der Erziehung der Japaner das Opfer des Einzelnen f\u00fcr die Gemeinschaft eine gro\u00dfe Rolle spielt. Dazu mag Zusammengeh\u00f6rigkeitsgef\u00fchl in solchen Kraftwerken kommen. \u201aEs gibt einen Sinn f\u00fcr Loyalit\u00e4t und Kameradschaft, wenn man mit den M\u00e4nnern \u00fcber Jahre trainiert und Schichtwechsel absolviert hat\u2019, sagte ein langj\u00e4hriger Anlagef\u00fchrer amerikanischer Akw der \u201aNew York Times\u2019. Und der deutsche Arbeitspsychologe Michael Kastner erg\u00e4nzte im Radiointerview: \u201aWer nahe dran ist an der Gefahr, der nimmt die nicht mehr so wahr.\u2019\u201c (Quelle: <a href=\"http:\/\/www.heute.de\/ZDFheute\/inhalt\/23\/0,3672,8223031,00.html\" target=\"_blank\">zdf.de<\/a>)<\/p>\n<p><img src=\"https:\/\/www.willizblog.de\/blogpicts\/atomkraft_nein_danke.jpg\" alt=\"Atomkraft - nein danke!\" \/><\/p>\n<p>Das sind, wie ich denke, nur zwei Aspekte, wenn auch sehr wichtige, die zu einem solchen Handeln f\u00fchren. In jedem Menschen liegt ein selbstzerst\u00f6rerisches Potential, ein <a href=\"https:\/\/de.wikipedia.org\/wiki\/Todestrieb\" target=\"_blank\">Todestrieb<\/a>. Da wir von Natur aus jedoch jeder dem Tode geweiht sind, strebt ein jeder \u2013 bewusst oder nicht \u2013 dahin, dieses unvermeidbare \u00dcbel positiv zu besetzen bzw. den Todestrieb zu <a href=\"https:\/\/de.wikipedia.org\/wiki\/Sublimierung_%28Psychoanalyse%29\" target=\"_blank\">sublimieren<\/a>. Wenn ich also mit meinem Tod etwas Positives bewirken kann (auf Fukushima bezogen die Vermeidung eines Katastrophe), dann bin ich sogar bereit, fr\u00fchzeitig zu sterben. Sterben muss ich ohnehin. Aber selbst dieser fr\u00fchzeitige Tod ist ja noch nicht vorprogrammiert. Vielleicht, und das ist gewisserma\u00dfen die kleine Hintert\u00fcr beim Abw\u00e4gen meines Tuns, entkomme ich ungeschadet oder wenigstens lebendig.<\/p>\n<p>Ohne die \u201aHeldentaten\u2019 schm\u00e4lern zu wollen, spielen sicherlich auch geldliche Gr\u00fcnde eine Rolle. Wenn ich wei\u00df, dass meine Familie finanziell abgesichert sein wird, wenn ich sterbe, dann bin ich eher bereit, den Tod auf mich zu nehmen.<\/p>\n<p>Auch ohne hier von der eigentlichen Nuklearkatastrophe ablenken zu wollen, so finde ich diese auf die einzelnen Personen bezogenen Erw\u00e4gungen, diese zu gewinnenden psychologischen Erkenntnisse, sehr interessant. Die Taten und hierzu die Motive der \u201eHelden von Fukushima\u201c sind dabei nur ein \u201aGegenstand\u2019, der sp\u00e4ter einmal n\u00e4her beleuchtet werden sollte. Die \u00c4ngste und die daraus resultierenden Handlungen auch aller anderen direkt oder indirekt Betroffenen (bis hin zu uns hier in Deutschland, denen unmittelbar keine Gefahr droht) wird man sicherlich zunehmend thematisieren. Die \u00c4ngste bestehen nun einmal. Und wer sie ignoriert oder instrumentalisiert, wird hierf\u00fcr die Rechnungen zahlen m\u00fcssen.<\/p>\n","protected":false},"excerpt":{"rendered":"<p>Erst waren es 50 Mitarbeiter, die alles Erdenkliche taten, um den Super-GAU am Atomkraftwerk Fukushima zu verhindert. Schon jetzt gelten sie als die gro\u00dfen Helden, die \u201eFukushima 50\u201c, die ihr Leben riskierten, um den gr\u00f6\u00dften denkbaren Schaden von Land und Leuten abzuwenden. Inzwischen sollen sich nach einem Aufruf der Betreiberfirma Tepco weitere Mitarbeiter (auch von &hellip; <a href=\"https:\/\/willizblog.de\/?p=4206\" class=\"more-link\"><span class=\"screen-reader-text\">Die verstrahlten Helden von Fukushima<\/span> weiterlesen <span class=\"meta-nav\">&rarr;<\/span><\/a><\/p>\n","protected":false},"author":1,"featured_media":0,"comment_status":"open","ping_status":"open","sticky":false,"template":"","format":"standard","meta":[],"categories":[15,2],"tags":[],"_links":{"self":[{"href":"https:\/\/willizblog.de\/index.php?rest_route=\/wp\/v2\/posts\/4206"}],"collection":[{"href":"https:\/\/willizblog.de\/index.php?rest_route=\/wp\/v2\/posts"}],"about":[{"href":"https:\/\/willizblog.de\/index.php?rest_route=\/wp\/v2\/types\/post"}],"author":[{"embeddable":true,"href":"https:\/\/willizblog.de\/index.php?rest_route=\/wp\/v2\/users\/1"}],"replies":[{"embeddable":true,"href":"https:\/\/willizblog.de\/index.php?rest_route=%2Fwp%2Fv2%2Fcomments&post=4206"}],"version-history":[{"count":0,"href":"https:\/\/willizblog.de\/index.php?rest_route=\/wp\/v2\/posts\/4206\/revisions"}],"wp:attachment":[{"href":"https:\/\/willizblog.de\/index.php?rest_route=%2Fwp%2Fv2%2Fmedia&parent=4206"}],"wp:term":[{"taxonomy":"category","embeddable":true,"href":"https:\/\/willizblog.de\/index.php?rest_route=%2Fwp%2Fv2%2Fcategories&post=4206"},{"taxonomy":"post_tag","embeddable":true,"href":"https:\/\/willizblog.de\/index.php?rest_route=%2Fwp%2Fv2%2Ftags&post=4206"}],"curies":[{"name":"wp","href":"https:\/\/api.w.org\/{rel}","templated":true}]}}