{"id":4232,"date":"2011-03-26T10:19:22","date_gmt":"2011-03-26T09:19:22","guid":{"rendered":"http:\/\/www.willizblog.de\/?p=4232"},"modified":"2011-03-25T08:28:25","modified_gmt":"2011-03-25T07:28:25","slug":"kamikaze-mappus","status":"publish","type":"post","link":"https:\/\/willizblog.de\/?p=4232","title":{"rendered":"Kamikaze Mappus"},"content":{"rendered":"<p>Es war schon \u00fcberraschend, wie bei den Politikern der Union und der FDP eine kollektive Nachdenklichkeit ausgebrochen ist und sie pl\u00f6tzlich Skrupel zeigen, was die Energiegewinnung aus Atomkraft betrifft. So pl\u00f6tzlich von heute auf morgen, als w\u00e4ren sie in Japan dabei gewesen. Und besonders die Hardliner a la Mappus, die bisher bedenkenlos (gedankenlos?) Atomkraft bef\u00fcrwortet haben, begeben sich in innere Klausur: \u201eMerkel sagte, durch die St\u00f6rf\u00e4lle in japanischen Atomkraftwerken habe sich die Realit\u00e4t ver\u00e4ndert. \u201aEin kluger Ministerpr\u00e4sident wie Stefan Mappus reagiert darauf\u2019, sagte sie. Wer nicht zur Kenntnis nehme, was passiert sei und sich keine Gedanken dar\u00fcber mache, sei ein Ignorant. Auch h\u00e4tten die Ereignisse Mappus und Bundesumweltminister Norbert R\u00f6ttgen (CDU) \u201aeinander energiepolitisch n\u00e4her gebracht\u2019. In der Debatte um die Laufzeitverl\u00e4ngerungen im vergangen Jahr hatte Mappus den R\u00fccktritt R\u00f6ttgens gefordert, weil ihm dessen Pl\u00e4ne f\u00fcr eine Laufzeitverl\u00e4ngerung nicht weit genug gingen. In dieser Woche sprach Mappus sich dann f\u00fcr die schnelle und dauerhafte Stilllegung des Atommeilers Neckarwestheim I aus.\u201c (Quelle: <a href=\"http:\/\/www.heute.de\/ZDFheute\/inhalt\/24\/0,3672,8223096,00.html\" target=\"_blank\">zdf.de<\/a>)<\/p>\n<p>Aber was h\u00f6ren wir da auf einmal? Was meinte Bundeswirtschaftsminister Rainer Br\u00fcderle im Kreise der Atom-Lobby? \u201eAm Tag, als die Bundesregierung ihren atemberaubenden Atomschwenk verk\u00fcndete, sa\u00df Br\u00fcderle mit Kernkraftbossen beim Lobbyverband BDI und l\u00fcftete offenbar in trauter Runde den Schleier der Politik. \u201aDer Minister&#8230; wies &#8230; darauf hin, dass angesichts der bevorstehenden Landtagswahlen Druck auf der Politik laste und die Entscheidungen daher nicht immer rational seien.\u2019 So zitiert die \u201aS\u00fcddeutsche Zeitung\u2019 aus dem Sitzungsprotokoll des BDI..\u201c (Quelle: <a href=\"http:\/\/www.heute.de\/ZDFheute\/inhalt\/14\/0,3672,8226798,00.html\" target=\"_blank\">zdf.de<\/a>)<\/p>\n<p>Auf gut Deutsch: \u201eDas Atom-Moratorium ist offenbar nur unter dem Druck der Landtagswahlen entstanden.\u201c (Quelle: <a href=\"http:\/\/www.heute.de\/ZDFheute\/inhalt\/23\/0,3672,8226743,00.html\" target=\"_blank\">zdf.de<\/a>) Gewissenbisse aus wahltaktischem Kalk\u00fcl? Von einer gr\u00f6\u00dftm\u00f6glichen W\u00e4hlerverachtung will ich gar nicht sprechen (das machen <a href=\"http:\/\/www.heute.de\/ZDFheute\/inhalt\/14\/0,3672,8226798,00.html\" target=\"_blank\">andere viel besser<\/a>). Ich kann nur auffordern, den L\u00fcgenbaronen und Machtbesessenen morgen am Sonntag eine Abfuhr zu erteilen. Schickt Mappus und Co. in die W\u00fcste. Wir haben alle genug von solchen Kamikaze-Politikern, wie sie uns in Berlin meinen regieren zu k\u00f6nnen.<\/p>\n","protected":false},"excerpt":{"rendered":"<p>Es war schon \u00fcberraschend, wie bei den Politikern der Union und der FDP eine kollektive Nachdenklichkeit ausgebrochen ist und sie pl\u00f6tzlich Skrupel zeigen, was die Energiegewinnung aus Atomkraft betrifft. So pl\u00f6tzlich von heute auf morgen, als w\u00e4ren sie in Japan dabei gewesen. Und besonders die Hardliner a la Mappus, die bisher bedenkenlos (gedankenlos?) Atomkraft bef\u00fcrwortet &hellip; <a href=\"https:\/\/willizblog.de\/?p=4232\" class=\"more-link\"><span class=\"screen-reader-text\">Kamikaze Mappus<\/span> weiterlesen <span class=\"meta-nav\">&rarr;<\/span><\/a><\/p>\n","protected":false},"author":1,"featured_media":0,"comment_status":"open","ping_status":"open","sticky":false,"template":"","format":"standard","meta":[],"categories":[12,29],"tags":[316,320,315,319,317,318],"_links":{"self":[{"href":"https:\/\/willizblog.de\/index.php?rest_route=\/wp\/v2\/posts\/4232"}],"collection":[{"href":"https:\/\/willizblog.de\/index.php?rest_route=\/wp\/v2\/posts"}],"about":[{"href":"https:\/\/willizblog.de\/index.php?rest_route=\/wp\/v2\/types\/post"}],"author":[{"embeddable":true,"href":"https:\/\/willizblog.de\/index.php?rest_route=\/wp\/v2\/users\/1"}],"replies":[{"embeddable":true,"href":"https:\/\/willizblog.de\/index.php?rest_route=%2Fwp%2Fv2%2Fcomments&post=4232"}],"version-history":[{"count":0,"href":"https:\/\/willizblog.de\/index.php?rest_route=\/wp\/v2\/posts\/4232\/revisions"}],"wp:attachment":[{"href":"https:\/\/willizblog.de\/index.php?rest_route=%2Fwp%2Fv2%2Fmedia&parent=4232"}],"wp:term":[{"taxonomy":"category","embeddable":true,"href":"https:\/\/willizblog.de\/index.php?rest_route=%2Fwp%2Fv2%2Fcategories&post=4232"},{"taxonomy":"post_tag","embeddable":true,"href":"https:\/\/willizblog.de\/index.php?rest_route=%2Fwp%2Fv2%2Ftags&post=4232"}],"curies":[{"name":"wp","href":"https:\/\/api.w.org\/{rel}","templated":true}]}}