{"id":424,"date":"2006-03-20T19:26:57","date_gmt":"2006-03-20T18:26:57","guid":{"rendered":"http:\/\/www.albinz.de\/blog\/?p=424"},"modified":"2006-03-20T17:53:22","modified_gmt":"2006-03-20T16:53:22","slug":"eis-kratzen-fruhlingsanfang","status":"publish","type":"post","link":"https:\/\/willizblog.de\/?p=424","title":{"rendered":"Eis kratzen &#8211; Fr\u00fchlingsanfang"},"content":{"rendered":"<p>Heute ist um 19 Uhr 26 <em><a title=\"Fr\u00fchlingsanfang\" href=\"http:\/\/www.heute.de\/ZDFheute\/inhalt\/18\/0,3672,3915570,00.html\" target=\"_blank\">Fr\u00fchlingsanfang<\/a><\/em>. Auch wenn die V\u00f6glein am fr\u00fchen Morgen zwitscherten, so hei\u00dft das noch lange nicht, dass der Winter zu Ende ist. Bereits morgen kommt wieder eine Luftstr\u00f6mung aus dem Norden, die uns weitere Kaltluft auch nach Deutschland bringt. Aber immerhin wird es nicht so eisig, wie auf den Bildern, die mir Bekannte zur Verf\u00fcgung gestellt haben (diese grassieren\u00a0wohl\u00a0im Internet).<\/p>\n<p>Es sind Bilder der Stadt <a title=\"Versoix\/Schweiz\" href=\"http:\/\/www.versoix.ch\/\" target=\"_blank\">Versoix<\/a> in der Schweiz, die am Genfer See liegt. Irgendwie muss es da ganz sch\u00f6n gest\u00fcrmt haben, sodass der See \u00fcber die Ufer schwappte. Und au\u00dferdem war es eisig-kalt:<\/p>\n<table cellspacing=\"0\" cellpadding=\"6\" width=\"90%\" bgcolor=\"#cfd8dd\" border=\"0\">\n<tr>\n<td style=\"width: 100%\" align=\"center\"><img loading=\"lazy\" height=\"400\" src=\"https:\/\/www.willizblog.de\/albpics\/versoix01.jpg\" width=\"266\" border=\"0\" \/><\/td>\n<\/tr>\n<tr>\n<td style=\"width: 100%\" align=\"center\"><img loading=\"lazy\" height=\"300\" src=\"https:\/\/www.willizblog.de\/albpics\/versoix02.jpg\" width=\"400\" border=\"0\" \/><\/td>\n<\/tr>\n<tr>\n<td style=\"width: 100%\" align=\"center\"><img loading=\"lazy\" height=\"300\" src=\"https:\/\/www.willizblog.de\/albpics\/versoix03.jpg\" width=\"400\" border=\"0\" \/><\/td>\n<\/tr>\n<tr>\n<td style=\"width: 100%\" align=\"center\"><img loading=\"lazy\" height=\"300\" src=\"https:\/\/www.willizblog.de\/albpics\/versoix04.jpg\" width=\"400\" border=\"0\" \/><\/td>\n<\/tr>\n<tr>\n<td style=\"width: 100%\" align=\"center\"><font face=\"Lucida Grande, Lucida Sans Unicode, Verdana, sans-serif\" color=\"#576973\" size=\"2\">&#8218;Eiszeit&#8216; in Versoix\/Schweiz am Genfer See<\/font><\/td>\n<\/tr>\n<\/table>\n","protected":false},"excerpt":{"rendered":"<p>Heute ist um 19 Uhr 26 Fr\u00fchlingsanfang. Auch wenn die V\u00f6glein am fr\u00fchen Morgen zwitscherten, so hei\u00dft das noch lange nicht, dass der Winter zu Ende ist. Bereits morgen kommt wieder eine Luftstr\u00f6mung aus dem Norden, die uns weitere Kaltluft auch nach Deutschland bringt. Aber immerhin wird es nicht so eisig, wie auf den Bildern, &hellip; <a href=\"https:\/\/willizblog.de\/?p=424\" class=\"more-link\"><span class=\"screen-reader-text\">Eis kratzen &#8211; Fr\u00fchlingsanfang<\/span> weiterlesen <span class=\"meta-nav\">&rarr;<\/span><\/a><\/p>\n","protected":false},"author":1,"featured_media":0,"comment_status":"closed","ping_status":"closed","sticky":false,"template":"","format":"standard","meta":[],"categories":[16],"tags":[],"_links":{"self":[{"href":"https:\/\/willizblog.de\/index.php?rest_route=\/wp\/v2\/posts\/424"}],"collection":[{"href":"https:\/\/willizblog.de\/index.php?rest_route=\/wp\/v2\/posts"}],"about":[{"href":"https:\/\/willizblog.de\/index.php?rest_route=\/wp\/v2\/types\/post"}],"author":[{"embeddable":true,"href":"https:\/\/willizblog.de\/index.php?rest_route=\/wp\/v2\/users\/1"}],"replies":[{"embeddable":true,"href":"https:\/\/willizblog.de\/index.php?rest_route=%2Fwp%2Fv2%2Fcomments&post=424"}],"version-history":[{"count":0,"href":"https:\/\/willizblog.de\/index.php?rest_route=\/wp\/v2\/posts\/424\/revisions"}],"wp:attachment":[{"href":"https:\/\/willizblog.de\/index.php?rest_route=%2Fwp%2Fv2%2Fmedia&parent=424"}],"wp:term":[{"taxonomy":"category","embeddable":true,"href":"https:\/\/willizblog.de\/index.php?rest_route=%2Fwp%2Fv2%2Fcategories&post=424"},{"taxonomy":"post_tag","embeddable":true,"href":"https:\/\/willizblog.de\/index.php?rest_route=%2Fwp%2Fv2%2Ftags&post=424"}],"curies":[{"name":"wp","href":"https:\/\/api.w.org\/{rel}","templated":true}]}}