{"id":425,"date":"2006-03-31T13:46:57","date_gmt":"2006-03-31T12:46:57","guid":{"rendered":"http:\/\/www.albinz.de\/blog\/?p=425"},"modified":"2006-03-28T12:33:36","modified_gmt":"2006-03-28T11:33:36","slug":"nomen-est-omen-oder-name-ist-schall-und-rauch","status":"publish","type":"post","link":"https:\/\/willizblog.de\/?p=425","title":{"rendered":"Nomen est Omen oder Name ist Schall und Rauch"},"content":{"rendered":"<p>Ob ein Name, hier Vorname, nun ein Zeichen in sich birgt und dunkler Wolken Vorbedeutung \u00fcber den Namenstr\u00e4ger aufziehen l\u00e4sst (Nomen est Omen) oder: Ob der Name nach Goethes Faust lediglich Schall\u00a0 und Rauch ist (<a title=\"Goethes Faust als Text\" href=\"http:\/\/www.odysseetheater.com\/faust\/faust.htm\" target=\"_blank\">Text<\/a> nicht nur an der Kasse) und damit des Benannten Verg\u00e4nglichkeit besiegelt &#8211; kommt ein Kind auf diese Welt, so soll es einen Namen haben.<\/p>\n<p>Da der Name etwas Freiverf\u00fcgbares ist, den Eltern ihren Kindern mit ins Leben geben k\u00f6nnen (an der Erbmasse l\u00e4sst sich nicht, besser: noch nicht drehen), so w\u00e4hlt man mit Bedacht. Der Name soll ja auch sp\u00e4ter noch passen &#8211; vorallem: Der Namenstr\u00e4ger soll bis zum Tode damit leben (und m\u00f6glichst damit zufrieden sein). Da gibt es zuerst das Namensranking der aktuell beliebtesten Vornamen. einer dieser soll es schon einmal nicht sein. Unser Kind ist immerhin etwas Besonderes &#8230; Auch spielt die Bedeutung eines Namens eine gewisse Rolle. Philipp = (philos = Freund, hippos = Pferd) scheidet aus, ich hasse Pferde. Zu kompliziert auch nicht. Und noch aussprechbar! Nun, ich bin Vater zweier S\u00f6hne und brauchte mich so nicht mit Blumennamen herumschlagen (Heiderose wie lieblich im Duft, aber auch doof als Name). Zun\u00e4chst entschieden sich meine Frau und ich f\u00fcr die g\u00f6ttliche Dreizahl (also nicht nur einen, sondern gleich drei Vornamen). Den letzten durfte sich einer der Taufpaten aussuchen. Blieben nur noch zwei. Der zweite sollte eine geografische Beziehung beinhalten (erste gr\u00f6\u00dfere Urlaubseise meiner Frau mit mir &#8211; unsere Hochzeitsreise). Blieben nur die Vornamen: Jan und Lukas! Beides zwar auch Modenamen zu ihrer Zeit. Beide Namen pr\u00e4gnant, aussprechbar und nicht zu bedeutungsschwer. Und fragt man die beiden Namenstr\u00e4ger heute, so sind sie durchaus zufrieden (noch) mit ihren Namen (ansonsten haben sie ja noch zwei weitere zur Auswahl).<\/p>\n<p><img title=\"Albin in Albin? - nur 'ne Fotomontage\" alt=\"Albin in Albin? - nur 'ne Fotomontage\" src=\"https:\/\/www.albinz.net\/models\/albin_wy.jpg\" \/>\u00a0<\/p>\n<p>Was unsere Namen (auch unsere Nachnamen) bedeuten siehe hier: <a title=\"Unsere Vor- und Nachnamen\" href=\"https:\/\/www.albinz.net\/namen.html\" target=\"_blank\">Unsere Namen<\/a><\/p>\n<p>Hier einige Links, die Vornamen listen bzw. deren Bedeutungen erl\u00e4utern: <a title=\"Vornamen - nicht nur in der Schweiz\" href=\"http:\/\/www.vornamen.ch\/\" target=\"_blank\">[1]<\/a> <a title=\"Nicht nur christliche Vornamen\" href=\"http:\/\/www.kirchenweb.at\/vornamen\/\" target=\"_blank\">[2]<\/a> <a title=\"Beliebte Vornamen\" href=\"http:\/\/www.beliebte-vornamen.de\/\" target=\"_blank\">[3]<\/a> <a title=\"... und noch mehr Vornamen\" href=\"http:\/\/www.firstname.de\/\" target=\"_blank\">[4]<\/a> <a title=\"Was wohl? Vornamen\" href=\"http:\/\/www.kindername.de\/\" target=\"_blank\">[5]<\/a><\/p>\n","protected":false},"excerpt":{"rendered":"<p>Ob ein Name, hier Vorname, nun ein Zeichen in sich birgt und dunkler Wolken Vorbedeutung \u00fcber den Namenstr\u00e4ger aufziehen l\u00e4sst (Nomen est Omen) oder: Ob der Name nach Goethes Faust lediglich Schall\u00a0 und Rauch ist (Text nicht nur an der Kasse) und damit des Benannten Verg\u00e4nglichkeit besiegelt &#8211; kommt ein Kind auf diese Welt, so &hellip; <a href=\"https:\/\/willizblog.de\/?p=425\" class=\"more-link\"><span class=\"screen-reader-text\">Nomen est Omen oder Name ist Schall und Rauch<\/span> weiterlesen <span class=\"meta-nav\">&rarr;<\/span><\/a><\/p>\n","protected":false},"author":1,"featured_media":0,"comment_status":"closed","ping_status":"closed","sticky":false,"template":"","format":"standard","meta":[],"categories":[1],"tags":[],"_links":{"self":[{"href":"https:\/\/willizblog.de\/index.php?rest_route=\/wp\/v2\/posts\/425"}],"collection":[{"href":"https:\/\/willizblog.de\/index.php?rest_route=\/wp\/v2\/posts"}],"about":[{"href":"https:\/\/willizblog.de\/index.php?rest_route=\/wp\/v2\/types\/post"}],"author":[{"embeddable":true,"href":"https:\/\/willizblog.de\/index.php?rest_route=\/wp\/v2\/users\/1"}],"replies":[{"embeddable":true,"href":"https:\/\/willizblog.de\/index.php?rest_route=%2Fwp%2Fv2%2Fcomments&post=425"}],"version-history":[{"count":0,"href":"https:\/\/willizblog.de\/index.php?rest_route=\/wp\/v2\/posts\/425\/revisions"}],"wp:attachment":[{"href":"https:\/\/willizblog.de\/index.php?rest_route=%2Fwp%2Fv2%2Fmedia&parent=425"}],"wp:term":[{"taxonomy":"category","embeddable":true,"href":"https:\/\/willizblog.de\/index.php?rest_route=%2Fwp%2Fv2%2Fcategories&post=425"},{"taxonomy":"post_tag","embeddable":true,"href":"https:\/\/willizblog.de\/index.php?rest_route=%2Fwp%2Fv2%2Ftags&post=425"}],"curies":[{"name":"wp","href":"https:\/\/api.w.org\/{rel}","templated":true}]}}