{"id":4273,"date":"2011-04-05T15:35:08","date_gmt":"2011-04-05T14:35:08","guid":{"rendered":"http:\/\/www.willizblog.de\/?p=4273"},"modified":"2011-04-05T15:43:46","modified_gmt":"2011-04-05T14:43:46","slug":"vergessene-stucke-1-jean-paul-sartre-%e2%80%93-bei-geschlossenen-turen","status":"publish","type":"post","link":"https:\/\/willizblog.de\/?p=4273","title":{"rendered":"Vergessene St\u00fccke (1): Jean-Paul Sartre \u2013 Bei geschlossenen T\u00fcren"},"content":{"rendered":"<p>Unter dem Titel \u201eVergessene St\u00fccke\u201c m\u00f6chte ich mich hin und wieder Theaterst\u00fccken widmen, die schon lange nicht mehr oder heute nur sehr selten auf deutschen B\u00fchnen aufgef\u00fchrt werden. Es sind Theaterst\u00fccke, die vor einiger Zeit f\u00fcr ein gewisses Aufsehen gesorgt haben, St\u00fccke, die sicherlich auch heute noch von einige Bedeutung sind, die aber mehr oder weniger vergessen wurden. Wenn \u00fcberhaupt, dann sich diese St\u00fccke heute zwischen Buchdeckeln erh\u00e4ltlich.<\/p>\n<p>Beginnen m\u00f6chte ich mit dem St\u00fcck \u201eBei geschlossenen T\u00fcren\u201c (Original: \u201eHuis clos\u201c), heute eher unter dem Titel <a href=\"https:\/\/de.wikipedia.org\/wiki\/Geschlossene_Gesellschaft\" target=\"_blank\">\u201eGeschlossene Gesellschaft\u201c<\/a> bekannt, von <a href=\"https:\/\/www.willizblog.de\/?p=1240\" target=\"_blank\">Jean-Paul Sartre<\/a>. Sartre war in erster Linie Philosoph und Begr\u00fcnder des <a href=\"https:\/\/de.wikipedia.org\/wiki\/Existentialismus\" target=\"_blank\">Existentialismus<\/a>. Aber er wurde auch durch eine gr\u00f6\u00dfere Anzahl von <a href=\"https:\/\/www.amazon.de\/gp\/search?ie=UTF8&#038;keywords=Sartre%20dramen&#038;tag=familiealbin-21&#038;index=books&#038;linkCode=ur2&#038;camp=1638&#038;creative=6742\"><strong>Dramen<\/strong><\/a><img loading=\"lazy\" src=\"https:\/\/www.assoc-amazon.de\/e\/ir?t=familiealbin-21&#038;l=ur2&#038;o=3\" width=\"1\" height=\"1\" border=\"0\" alt=\"\" style=\"border:none !important; margin:0px !important;\" \/> bekannt, die nat\u00fcrlich seine philosophischen Ansichten widerspiegeln.<\/p>\n<p>\u201eBei geschlossenen T\u00fcren\u201c schildert die H\u00f6lle, die \u201edie anderen\u201c sind. In dem Second-Empire-Salon eines heruntergekommenen Hotels foltern sich drei Menschen in gegenseitiger Selbstentbl\u00f6\u00dfung.<\/p>\n<p><strong>Personen:<\/strong><\/p>\n<p><em>In\u00e8s Serrano<br \/>\nEstelle Regault<br \/>\nJoseph Garcin<br \/>\nKellner<\/em><\/p>\n<p><iframe loading=\"lazy\" title=\"YouTube video player\" width=\"480\" height=\"390\" src=\"https:\/\/www.youtube.com\/embed\/4rNhbVgzpHw\" frameborder=\"0\" allowfullscreen><\/iframe><br \/>\nJean-Paul Sartre: Geschlossene Gesellschaft (Huis clos)<br \/>\n(weitere Ausschnitte bei <a href=\"https:\/\/www.youtube.com\/results?search_query=geschlossene+gesellschaft+sartre&#038;aq=f\" target=\"_blank\">YouTube<\/a>)<\/p>\n<p>Als Garcin, begleitet vom Kellner, in den Salon tritt, fragt er: <em>\u201eWo sind die Pf\u00e4hle? &#8230; Die Marterpf\u00e4hle, die Bratroste, die Blaseb\u00e4lge?\u201c<\/em> So langsam wird dem Zuschauer bewusst, dass sich die Personen des St\u00fccks in der H\u00f6lle befinden. Sartre, der als Atheist religi\u00f6se Fragen eigentlich vollst\u00e4ndig ausklammerte, \u00fcbersetzt hier ein religi\u00f6ses Motiv in die existentialistische Analyse der menschlichen Situation und erschlie\u00dft so die grunds\u00e4tzliche Ausweglosigkeit des menschlichen Daseins unter dem Blickpunkt der Ewigkeit.<\/p>\n<p>In\u00e8s stellt sehr schnell fest: <em>\u201eDer Henker \u2013 das ist jeder von uns f\u00fcr die beiden andern.\u201c<\/em> Sie will sich ihre <em>\u201eH\u00f6lle selbst erw\u00e4hlen &#8230;\u201c<\/em> k\u00f6nnen. Aber (wie Garcin sagt) <em>\u201e&#8230; die H\u00f6lle, das sind die andern.\u201c<\/em> (Original: \u201eL&#8216; Enfer c&#8217;est les autres.\u201c)<\/p>\n<p>Jede Liebe, Sexualit\u00e4t und Anerkennung ersticken in Hoffnungslosigkeit und sind somit zum Scheitern verurteilt. \u201eWenn Garcin am Ende die letzten Worte <em>\u201aalso \u2013 machen wir weiter\u2019<\/em> sagt, hat sich ihre Lage nicht ver\u00e4ndert. Sie werden ihre Notgemeinschaft ewig aufrechterhalten m\u00fcssen, ohne wirklich voranzukommen.\u201c<\/p>\n","protected":false},"excerpt":{"rendered":"<p>Unter dem Titel \u201eVergessene St\u00fccke\u201c m\u00f6chte ich mich hin und wieder Theaterst\u00fccken widmen, die schon lange nicht mehr oder heute nur sehr selten auf deutschen B\u00fchnen aufgef\u00fchrt werden. Es sind Theaterst\u00fccke, die vor einiger Zeit f\u00fcr ein gewisses Aufsehen gesorgt haben, St\u00fccke, die sicherlich auch heute noch von einige Bedeutung sind, die aber mehr oder &hellip; <a href=\"https:\/\/willizblog.de\/?p=4273\" class=\"more-link\"><span class=\"screen-reader-text\">Vergessene St\u00fccke (1): Jean-Paul Sartre \u2013 Bei geschlossenen T\u00fcren<\/span> weiterlesen <span class=\"meta-nav\">&rarr;<\/span><\/a><\/p>\n","protected":false},"author":1,"featured_media":0,"comment_status":"open","ping_status":"open","sticky":false,"template":"","format":"standard","meta":[],"categories":[14],"tags":[343,345,344,342,346],"_links":{"self":[{"href":"https:\/\/willizblog.de\/index.php?rest_route=\/wp\/v2\/posts\/4273"}],"collection":[{"href":"https:\/\/willizblog.de\/index.php?rest_route=\/wp\/v2\/posts"}],"about":[{"href":"https:\/\/willizblog.de\/index.php?rest_route=\/wp\/v2\/types\/post"}],"author":[{"embeddable":true,"href":"https:\/\/willizblog.de\/index.php?rest_route=\/wp\/v2\/users\/1"}],"replies":[{"embeddable":true,"href":"https:\/\/willizblog.de\/index.php?rest_route=%2Fwp%2Fv2%2Fcomments&post=4273"}],"version-history":[{"count":0,"href":"https:\/\/willizblog.de\/index.php?rest_route=\/wp\/v2\/posts\/4273\/revisions"}],"wp:attachment":[{"href":"https:\/\/willizblog.de\/index.php?rest_route=%2Fwp%2Fv2%2Fmedia&parent=4273"}],"wp:term":[{"taxonomy":"category","embeddable":true,"href":"https:\/\/willizblog.de\/index.php?rest_route=%2Fwp%2Fv2%2Fcategories&post=4273"},{"taxonomy":"post_tag","embeddable":true,"href":"https:\/\/willizblog.de\/index.php?rest_route=%2Fwp%2Fv2%2Ftags&post=4273"}],"curies":[{"name":"wp","href":"https:\/\/api.w.org\/{rel}","templated":true}]}}