{"id":4285,"date":"2011-04-08T09:34:38","date_gmt":"2011-04-08T08:34:38","guid":{"rendered":"http:\/\/www.willizblog.de\/?p=4285"},"modified":"2011-04-07T06:57:12","modified_gmt":"2011-04-07T05:57:12","slug":"martin-walser-vs-einar-karason","status":"publish","type":"post","link":"https:\/\/willizblog.de\/?p=4285","title":{"rendered":"Martin Walser vs. Einar K\u00e1rason"},"content":{"rendered":"<p>In den letzten Wochen und Monaten habe ich es mit Romantrilogien, zumindest mit zweien. Da gibt es zum einen die Anselm Kristlein-Trilogie von <a href=\"https:\/\/de.wikipedia.org\/wiki\/Martin_Walser\" target=\"_blank\">Martin Walser<\/a> \u2013 und dann die so genannte Baracken-Trilogie des Isl\u00e4nders <a href=\"https:\/\/de.wikipedia.org\/wiki\/Einar_K%C3%A1rason\" target=\"_blank\">Einar K\u00e1rason<\/a>. Zun\u00e4chst haben diese beiden Trilogien nicht viel gemeinsam. Oder vielleicht doch?<\/p>\n<p>Ja, beide Trilogien sind so angelegt, das deren erste Teile in den f\u00fcnfziger Jahren, deren zweite in den sechziger und der jeweils letzte in den siebziger Jahren spielen. Beide Dreiteiler ranken um einen Familienverband. Bei Walser ist es Anselm Kristlein und seine am Ende sechsk\u00f6pfige Familie (neben ihm und Frau Alissa sind es vier Kinder); bei K\u00e1rason sind es Lina (Karolina), die Wahrsagerin, und ihr Mann Tommi (Tomas) samt einer gro\u00dfen Nachkommenschaft. Auch Anselm Kristleins Frau Alissa hat einen religi\u00f6sen-esoterischen Einschlag. Und des weiteren sind beide Trilogien so etwas wie sozialkritisch und beleuchten die Zust\u00e4nde ihrer L\u00e4nder zur jeweiligen Zeit. Hier zur Erg\u00e4nzung meiner Beitr\u00e4ge zu diesen sechs B\u00fcchern eine kurze \u00dcbersicht mit entsprechender Verlinkung:<\/p>\n<table border=\"0\" cellpadding=\"4\" cellspacing=\"0\" width=\"100%\">\n<tr>\n<td width=\"50%\" align=\"center\"><font face=\"Lucida Grande, Lucida Sans Unicode, Verdana, sans-serif\" size=\"2\"><a href=\"https:\/\/de.wikipedia.org\/wiki\/Martin_Walser\" target=\"_blank\">Martin Walser<\/a> &#8211; geboren am 24. M\u00e4rz 1927 in Wasserburg am Bodensee<\/font><\/td>\n<td width=\"50%\" align=\"center\"><font face=\"Lucida Grande, Lucida Sans Unicode, Verdana, sans-serif\" size=\"2\"><a href=\"https:\/\/de.wikipedia.org\/wiki\/Einar_K%C3%A1rason\" target=\"_blank\">Einar K\u00e1rason<\/a> &#8211; geboren am 24. November 1955 in Reykjav\u00edk<\/font><\/td>\n<\/tr>\n<tr>\n<td width=\"50%\" align=\"center\"><font face=\"Lucida Grande, Lucida Sans Unicode, Verdana, sans-serif\" size=\"2\"><b>Anselm Kristlein-Trilogie:<\/b><\/font><\/td>\n<td width=\"50%\" align=\"center\"><font face=\"Lucida Grande, Lucida Sans Unicode, Verdana, sans-serif\" size=\"2\"><b>Baracken-Trilogie:<\/b><\/font><\/td>\n<\/tr>\n<tr>\n<td width=\"50%\" align=\"center\"><a href=\"https:\/\/www.willizblog.de\/?p=3160\" target=\"_blank\"><font face=\"Lucida Grande, Lucida Sans Unicode, Verdana, sans-serif\" size=\"2\">Halbzeit<\/font><\/a><\/td>\n<td width=\"50%\" align=\"center\"><a href=\"https:\/\/www.willizblog.de\/?p=4186\" target=\"_blank\"><font face=\"Lucida Grande, Lucida Sans Unicode, Verdana, sans-serif\" size=\"2\">Die Teufelsinsel<\/font><\/a><\/td>\n<\/tr>\n<tr>\n<td width=\"50%\" align=\"center\"><a href=\"https:\/\/www.willizblog.de\/?p=3836\" target=\"_blank\"><font face=\"Lucida Grande, Lucida Sans Unicode, Verdana, sans-serif\" size=\"2\">Das Einhorn<\/font><\/a><\/td>\n<td width=\"50%\" align=\"center\"><a href=\"https:\/\/www.willizblog.de\/?p=4222\" target=\"_blank\"><font face=\"Lucida Grande, Lucida Sans Unicode, Verdana, sans-serif\" size=\"2\">Die Goldinsel<\/font><\/a><\/td>\n<\/tr>\n<tr>\n<td width=\"50%\" align=\"center\"><a href=\"https:\/\/www.willizblog.de\/?p=4280\" target=\"_blank\"><font face=\"Lucida Grande, Lucida Sans Unicode, Verdana, sans-serif\" size=\"2\">Der Sturz<\/font><\/a><\/td>\n<td width=\"50%\" align=\"center\"><a href=\"https:\/\/www.willizblog.de\/?p=4248\" target=\"_blank\"><font face=\"Lucida Grande, Lucida Sans Unicode, Verdana, sans-serif\" size=\"2\">Das gelobte Land<\/font><\/a><\/td>\n<\/tr>\n<tr>\n<td width=\"50%\" align=\"center\"><font face=\"Lucida Grande, Lucida Sans Unicode, Verdana, sans-serif\" size=\"2\">Literatur von <a href=\"https:\/\/www.amazon.de\/gp\/search?ie=UTF8&#038;keywords=martin%20walser&#038;tag=familiealbin-21&#038;index=books&#038;linkCode=ur2&#038;camp=1638&#038;creative=6742\" target=\"_blank\"><strong>Martin Walser<\/strong><\/a><img loading=\"lazy\" src=\"https:\/\/www.assoc-amazon.de\/e\/ir?t=familiealbin-21&#038;l=ur2&#038;o=3\" width=\"1\" height=\"1\" border=\"0\" alt=\"\" style=\"border:none !important; margin:0px !important;\" \/><\/font><\/td>\n<td width=\"50%\" align=\"center\"><font face=\"Lucida Grande, Lucida Sans Unicode, Verdana, sans-serif\" size=\"2\">Literatur von <a href=\"https:\/\/www.amazon.de\/gp\/search?ie=UTF8&amp;keywords=Einar%20Karason&amp;tag=familiealbin-21&amp;index=books&amp;linkCode=ur2&amp;camp=1638&amp;creative=6742\" target=\"_blank\"><strong>Einar K\u00e1rason<\/strong><\/a><img loading=\"lazy\" style=\"border:none !important; margin:0px !important;\" src=\"https:\/\/www.assoc-amazon.de\/e\/ir?t=familiealbin-21&amp;l=ur2&amp;o=3\" border=\"0\" alt=\"\" width=\"1\" height=\"1\" \/><\/font><\/td>\n<\/tr>\n<\/table>\n","protected":false},"excerpt":{"rendered":"<p>In den letzten Wochen und Monaten habe ich es mit Romantrilogien, zumindest mit zweien. Da gibt es zum einen die Anselm Kristlein-Trilogie von Martin Walser \u2013 und dann die so genannte Baracken-Trilogie des Isl\u00e4nders Einar K\u00e1rason. Zun\u00e4chst haben diese beiden Trilogien nicht viel gemeinsam. Oder vielleicht doch? Ja, beide Trilogien sind so angelegt, das deren &hellip; <a href=\"https:\/\/willizblog.de\/?p=4285\" class=\"more-link\"><span class=\"screen-reader-text\">Martin Walser vs. Einar K\u00e1rason<\/span> weiterlesen <span class=\"meta-nav\">&rarr;<\/span><\/a><\/p>\n","protected":false},"author":1,"featured_media":0,"comment_status":"open","ping_status":"open","sticky":false,"template":"","format":"standard","meta":[],"categories":[14],"tags":[],"_links":{"self":[{"href":"https:\/\/willizblog.de\/index.php?rest_route=\/wp\/v2\/posts\/4285"}],"collection":[{"href":"https:\/\/willizblog.de\/index.php?rest_route=\/wp\/v2\/posts"}],"about":[{"href":"https:\/\/willizblog.de\/index.php?rest_route=\/wp\/v2\/types\/post"}],"author":[{"embeddable":true,"href":"https:\/\/willizblog.de\/index.php?rest_route=\/wp\/v2\/users\/1"}],"replies":[{"embeddable":true,"href":"https:\/\/willizblog.de\/index.php?rest_route=%2Fwp%2Fv2%2Fcomments&post=4285"}],"version-history":[{"count":0,"href":"https:\/\/willizblog.de\/index.php?rest_route=\/wp\/v2\/posts\/4285\/revisions"}],"wp:attachment":[{"href":"https:\/\/willizblog.de\/index.php?rest_route=%2Fwp%2Fv2%2Fmedia&parent=4285"}],"wp:term":[{"taxonomy":"category","embeddable":true,"href":"https:\/\/willizblog.de\/index.php?rest_route=%2Fwp%2Fv2%2Fcategories&post=4285"},{"taxonomy":"post_tag","embeddable":true,"href":"https:\/\/willizblog.de\/index.php?rest_route=%2Fwp%2Fv2%2Ftags&post=4285"}],"curies":[{"name":"wp","href":"https:\/\/api.w.org\/{rel}","templated":true}]}}