{"id":4294,"date":"2011-04-07T09:08:48","date_gmt":"2011-04-07T08:08:48","guid":{"rendered":"http:\/\/www.willizblog.de\/?p=4294"},"modified":"2013-12-06T19:25:51","modified_gmt":"2013-12-06T18:25:51","slug":"tostedt-jugendliche-gegen-rechte-szene-ndr-fernsehen-vom-06042011","status":"publish","type":"post","link":"https:\/\/willizblog.de\/?p=4294","title":{"rendered":"Tostedt: Jugendliche gegen rechte Szene (NDR-Fernsehen vom 06.04.2011)"},"content":{"rendered":"<p>Tostedt hat ein massives Problem mit der rechten Szene. Im Mittelpunkt steht ein Laden im Ortsteil Todtgl\u00fcsingen, der diese Szene mit Kleidung, Musik usw. ausstattet und Anlaufpunkt der Rechtsextremen aus ganz Norddeutschland ist. \u00dcber diesen Laden wird auch der \u201aNachwuchs\u2019 rekrutiert. Daher kam es in der Vergangenheit immer wieder zu brutalen \u00dcbergriffen besonders auf Jugendlichen, die sich gegen diese Nazi-Szene wehren. Ich habe hier in diesem Blog bereits \u00f6fter dar\u00fcber berichtet (\u00dcbersicht meiner Beitr\u00e4ge siehe unten).<\/p>\n<p>Gestern (06.04.2011 \u2013 19 Uhr 30) gab es nun in der Sendung <a href=\"http:\/\/www.ndr.de\/fernsehen\/sendungen\/hallo_niedersachsen\/index.html\" target=\"_blank\">\u201eHallo Niedersachsen\u201c<\/a> des NDR-Fernsehen <a href=\"http:\/\/www.ndr.de\/fernsehen\/sendungen\/hallo_niedersachsen\/media\/hallonds2757.html\" target=\"_blank\">eine Reportage<\/a>, die die Lage in Tostedt beleuchtet.<\/p>\n<p><strike>Da auch Neo-Nazis dieses Video auf diversen Websites\/Blogs benutzen und damit u.a. gegen alle Andersdenkenden hetzen, sogar verdeckt zur Gewalt aufrufen, so habe ich das Video hier wieder entfernt.<\/strike><\/p>\n<p><iframe loading=\"lazy\" width=\"420\" height=\"315\" src=\"\/\/www.youtube.com\/embed\/FmOOxH_2cxU\" frameborder=\"0\" allowfullscreen><\/iframe><\/p>\n<p>Seit der Jugend-Initiative gegen diesen Neo-Nazi-Laden vor zwei Jahren hat sich zwar einiges in Tostedt getan. Erst am 19. M\u00e4rz d.J. kam es zu einer <a href=\"http:\/\/www.twitlonger.com\/show\/9ecrc2\" target=\"_blank\">Demonstration in Tostedt<\/a> gegen den Rechtsradikalismus. Aber der Laden &#8211; und damit der Treffpunkt &#8211; besteht weiterhin, auch wenn der Betreiber des Ladens <a href=\"http:\/\/www.twitlonger.com\/show\/91rria\" target=\"_blank\">vom Amtsgericht Tostedt<\/a> wegen schweren Landfriedensbruchs zu 18 Monaten Freiheitsstrafe verurteilt wurde (Das Urteil ist allerdings noch nicht rechtskr\u00e4ftig).<\/p>\n<p>Die TV-Reportage ist hoffentlich wiederum Ansto\u00df, um die Politik in Tostedt (bis hin zur Landesregierung Niedersachsen) wach zur\u00fctteln und nochmals auf das Problem aufmerksam zu machen. Es kann nicht sein, dass Tostedt mehr und mehr zu einer Hochburg neonazistischer Umtreibe verkommt.<\/p>\n<p>Siehe hierzu meine Beitr\u00e4ge:<br \/>\n&#8211; <a href=\"https:\/\/www.willizblog.de\/?p=1711\" target=\"_blank\">Jugend-Initiative gegen Neo-Nazi-Laden in Tostedt<\/a><br \/>\n&#8211; <a href=\"https:\/\/www.willizblog.de\/?p=1731\" target=\"_blank\">Auf dem rechten Auge stark kurzsichtig<\/a><br \/>\n&#8211; <a href=\"https:\/\/www.willizblog.de\/?p=1749\" target=\"_blank\">Die Kirche zeigt Flagge gegen Rechts<\/a><br \/>\n&#8211; <a href=\"https:\/\/www.willizblog.de\/?p=1878\" target=\"_blank\">Resolution gegen Extremismus und Gewalt in Tostedt<\/a><br \/>\n&#8211; <a href=\"https:\/\/www.willizblog.de\/?p=3117\" target=\"_blank\">Ehrung f\u00fcr Zivilcourage<\/a><\/p>\n","protected":false},"excerpt":{"rendered":"<p>Tostedt hat ein massives Problem mit der rechten Szene. Im Mittelpunkt steht ein Laden im Ortsteil Todtgl\u00fcsingen, der diese Szene mit Kleidung, Musik usw. ausstattet und Anlaufpunkt der Rechtsextremen aus ganz Norddeutschland ist. \u00dcber diesen Laden wird auch der \u201aNachwuchs\u2019 rekrutiert. Daher kam es in der Vergangenheit immer wieder zu brutalen \u00dcbergriffen besonders auf Jugendlichen, &hellip; <a href=\"https:\/\/willizblog.de\/?p=4294\" class=\"more-link\"><span class=\"screen-reader-text\">Tostedt: Jugendliche gegen rechte Szene (NDR-Fernsehen vom 06.04.2011)<\/span> weiterlesen <span class=\"meta-nav\">&rarr;<\/span><\/a><\/p>\n","protected":false},"author":1,"featured_media":0,"comment_status":"open","ping_status":"open","sticky":false,"template":"","format":"standard","meta":[],"categories":[11,2],"tags":[],"_links":{"self":[{"href":"https:\/\/willizblog.de\/index.php?rest_route=\/wp\/v2\/posts\/4294"}],"collection":[{"href":"https:\/\/willizblog.de\/index.php?rest_route=\/wp\/v2\/posts"}],"about":[{"href":"https:\/\/willizblog.de\/index.php?rest_route=\/wp\/v2\/types\/post"}],"author":[{"embeddable":true,"href":"https:\/\/willizblog.de\/index.php?rest_route=\/wp\/v2\/users\/1"}],"replies":[{"embeddable":true,"href":"https:\/\/willizblog.de\/index.php?rest_route=%2Fwp%2Fv2%2Fcomments&post=4294"}],"version-history":[{"count":0,"href":"https:\/\/willizblog.de\/index.php?rest_route=\/wp\/v2\/posts\/4294\/revisions"}],"wp:attachment":[{"href":"https:\/\/willizblog.de\/index.php?rest_route=%2Fwp%2Fv2%2Fmedia&parent=4294"}],"wp:term":[{"taxonomy":"category","embeddable":true,"href":"https:\/\/willizblog.de\/index.php?rest_route=%2Fwp%2Fv2%2Fcategories&post=4294"},{"taxonomy":"post_tag","embeddable":true,"href":"https:\/\/willizblog.de\/index.php?rest_route=%2Fwp%2Fv2%2Ftags&post=4294"}],"curies":[{"name":"wp","href":"https:\/\/api.w.org\/{rel}","templated":true}]}}