{"id":430,"date":"2006-03-25T07:12:47","date_gmt":"2006-03-25T06:12:47","guid":{"rendered":"http:\/\/www.albinz.de\/blog\/?p=430"},"modified":"2006-03-25T10:39:01","modified_gmt":"2006-03-25T09:39:01","slug":"ian-anderson-in-der-ultimativen-chart-show-bei-rtl","status":"publish","type":"post","link":"https:\/\/willizblog.de\/?p=430","title":{"rendered":"Ian Anderson in der &#8218;ultimativen Chart-Show&#8216; bei RTL"},"content":{"rendered":"<p>Am Donnerstag, den 23.03.2006, trat Ian Anderson von der Gruppe <a title=\"Jethro Tull\" href=\"http:\/\/www.jethrotull.com\/\" target=\"_blank\">Jethro Tull<\/a> beim Sender <a title=\"Sender RTL\" href=\"http:\/\/www.rtl.de\/\" target=\"_blank\">RTL<\/a> in der &#8218;ultimativen Chart-Show&#8216; auf. Bei dieser ultimative Hitparade wurden aus den offiziellen deutschen Album-Charts die 50 bestplatzierten Rockbands pr\u00e4sentiert: F\u00fcr eine Woche auf Platz 1 gab es 10 Punkte, f\u00fcr den 2. Platz 9 und so weiter &#8211; das Gesamtergebnis aus 40 Jahren Album-Charts brachte Jethro Tull immerhin auf Platz 19, denn 8 Alben waren seit 1970 in den deutschen Top Ten.<\/p>\n<p>Hier die Top 20 im \u00dcberblick:<\/p>\n<p>1\u00a0Deep Purple<br \/>\n2\u00a0Queen<br \/>\n3\u00a0Pink Floyd<br \/>\n4\u00a0Rolling Stones<br \/>\n5\u00a0BAP<br \/>\n6\u00a0Dire Straits<br \/>\n7\u00a0Tina Turner<br \/>\n8\u00a0Bon Jovi<br \/>\n9\u00a0<strong>Die Toten Hosen<\/strong><br \/>\n10\u00a0U2<br \/>\n11\u00a0Bruce Springsteen<br \/>\n12\u00a0R.E.M.<br \/>\n13\u00a0Udo Lindenberg<br \/>\n14\u00a0Metallica<br \/>\n15\u00a0Bryan Adams<br \/>\n16\u00a0Scorpions<br \/>\n17\u00a0AC\/DC<br \/>\n18\u00a0Guns &#8217;n&#8216; Roses<br \/>\n19\u00a0<strong>Jethro Tull<\/strong><br \/>\n20\u00a0Simple Minds<\/p>\n<p><img title=\"Ian Anderson &#038; Suzie Quatro\" alt=\"Ian Anderson &#038; Suzie Quatro\" src=\"https:\/\/www.albinz.net\/jethrotull\/images\/chartshow2006.jpg\" \/><br \/>\nIan Anderson &#038; <a title=\"Suzie Quatro\" href=\"http:\/\/www.punk77.co.uk\/groups\/suziquatro.htm\" target=\"_blank\">Suzie Quatro<\/a><\/p>\n<p><object width=\"425\" height=\"350\"><param name=\"movie\" value=\"https:\/\/www.youtube.com\/v\/RpRPJow0BqQ\"><\/param><embed src=\"https:\/\/www.youtube.com\/v\/RpRPJow0BqQ\" type=\"application\/x-shockwave-flash\" width=\"425\" height=\"350\"><\/embed><\/object><\/p>\n<p>Ian Anderson in der &#8218;ultimativen Chart-Show&#8216; am 23.03.2006 bei RTL<\/p>\n<p><a href=\"http:\/\/babelfish.altavista.com\/babelfish\/trurl_pagecontent?url=https:\/\/www.willizblog.de\/?p=430&#038;lp=de%5Fen\" target=\"_blank\">Translation english<\/a><\/p>\n","protected":false},"excerpt":{"rendered":"<p>Am Donnerstag, den 23.03.2006, trat Ian Anderson von der Gruppe Jethro Tull beim Sender RTL in der &#8218;ultimativen Chart-Show&#8216; auf. Bei dieser ultimative Hitparade wurden aus den offiziellen deutschen Album-Charts die 50 bestplatzierten Rockbands pr\u00e4sentiert: F\u00fcr eine Woche auf Platz 1 gab es 10 Punkte, f\u00fcr den 2. Platz 9 und so weiter &#8211; das &hellip; <a href=\"https:\/\/willizblog.de\/?p=430\" class=\"more-link\"><span class=\"screen-reader-text\">Ian Anderson in der &#8218;ultimativen Chart-Show&#8216; bei RTL<\/span> weiterlesen <span class=\"meta-nav\">&rarr;<\/span><\/a><\/p>\n","protected":false},"author":1,"featured_media":0,"comment_status":"closed","ping_status":"closed","sticky":false,"template":"","format":"standard","meta":[],"categories":[9],"tags":[],"_links":{"self":[{"href":"https:\/\/willizblog.de\/index.php?rest_route=\/wp\/v2\/posts\/430"}],"collection":[{"href":"https:\/\/willizblog.de\/index.php?rest_route=\/wp\/v2\/posts"}],"about":[{"href":"https:\/\/willizblog.de\/index.php?rest_route=\/wp\/v2\/types\/post"}],"author":[{"embeddable":true,"href":"https:\/\/willizblog.de\/index.php?rest_route=\/wp\/v2\/users\/1"}],"replies":[{"embeddable":true,"href":"https:\/\/willizblog.de\/index.php?rest_route=%2Fwp%2Fv2%2Fcomments&post=430"}],"version-history":[{"count":0,"href":"https:\/\/willizblog.de\/index.php?rest_route=\/wp\/v2\/posts\/430\/revisions"}],"wp:attachment":[{"href":"https:\/\/willizblog.de\/index.php?rest_route=%2Fwp%2Fv2%2Fmedia&parent=430"}],"wp:term":[{"taxonomy":"category","embeddable":true,"href":"https:\/\/willizblog.de\/index.php?rest_route=%2Fwp%2Fv2%2Fcategories&post=430"},{"taxonomy":"post_tag","embeddable":true,"href":"https:\/\/willizblog.de\/index.php?rest_route=%2Fwp%2Fv2%2Ftags&post=430"}],"curies":[{"name":"wp","href":"https:\/\/api.w.org\/{rel}","templated":true}]}}