{"id":4359,"date":"2011-04-23T11:26:08","date_gmt":"2011-04-23T10:26:08","guid":{"rendered":"http:\/\/www.willizblog.de\/?p=4359"},"modified":"2011-04-23T08:30:36","modified_gmt":"2011-04-23T07:30:36","slug":"vergessene-stucke-3-samuel-beckett-%e2%80%93-katastrophe","status":"publish","type":"post","link":"https:\/\/willizblog.de\/?p=4359","title":{"rendered":"Vergessene St\u00fccke (3): Samuel Beckett \u2013 Katastrophe"},"content":{"rendered":"<p><a href=\"https:\/\/de.wikipedia.org\/wiki\/Samuel_Beckett\" target=\"_blank\">Samuel Barclay Beckett<\/a> (* 13. April 1906 in Dublin; \u2020 22. Dezember 1989 in Paris) war ein irischer Schriftsteller. Er gilt als einer der bedeutendsten Schriftsteller des 20. Jahrhunderts und wurde 1969 mit dem Nobelpreis f\u00fcr Literatur ausgezeichnet. Sein bekanntestes Werk ist <a href=\"https:\/\/de.wikipedia.org\/wiki\/Warten_auf_Godot\" target=\"_blank\">Warten auf Godot<\/a> (En attendant Godot), das am 5. Januar 1953 in Paris uraufgef\u00fchrt wurde.<\/p>\n<p>\u201eWarten auf Godot\u201c gilt als Paradebeispiel des absurden Theaters. Es spiegele die Weltanschauung des Existenzialismus, die besagt, dass es infolge der rein zuf\u00e4lligen Entstehung der Welt keinen eigentlichen \u201eSinn des Lebens\u201c und demzufolge auch keine grundlegenden moralischen Vorschriften (Religion) f\u00fcr den Menschen gebe. Das St\u00fcck spiegelt die ewig entt\u00e4uschte Illusion des Wartens wider und verdeutlicht, wie die Menschen die Gewissheit ihres Verfalls in tragikomischer Hilflosigkeit \u00fcberspielen.<\/p>\n<p>Aber es geht hier um ein anderes St\u00fcck, das zusammen mit anderen in einem Band (suhrkamp taschenbuch 1190 \u2013 1. Auflage 1985) <a href=\"https:\/\/www.amazon.de\/gp\/product\/B004JJU5Y4\/ref=as_li_tf_tl?ie=UTF8&#038;tag=familiealbin-21&#038;linkCode=as2&#038;camp=1638&#038;creative=6742&#038;creativeASIN=B004JJU5Y4\" target=\"_blank\"><strong>Theater heute<\/strong> (Beckett: Katastrophe, Bernhard: Vor dem Ruhestand, Bond: Sommer, Brasch: Mercedes, Kroetz: Nicht Fisch Nicht Fleisch, Nor\u00e9n: D\u00e4monen, Heiner M\u00fcller: Quartett, Strau\u00df: Kalldewey Farce)<\/a><img loading=\"lazy\" src=\"https:\/\/www.assoc-amazon.de\/e\/ir?t=familiealbin-21&#038;l=as2&#038;o=3&#038;a=B004JJU5Y4\" width=\"1\" height=\"1\" border=\"0\" alt=\"\" style=\"border:none !important; margin:0px !important;\" \/> ver\u00f6ffentlicht wurde.<\/p>\n<p><a href=\"https:\/\/www.amazon.de\/gp\/search?ie=UTF8&#038;keywords=Samuel%20Beckett&#038;tag=familiealbin-21&#038;index=books&#038;linkCode=ur2&#038;camp=1638&#038;creative=6742\" target=\"_blank\"><strong>Samuel Becketts<\/strong><\/a><img loading=\"lazy\" src=\"https:\/\/www.assoc-amazon.de\/e\/ir?t=familiealbin-21&#038;l=ur2&#038;o=3\" width=\"1\" height=\"1\" border=\"0\" alt=\"\" style=\"border:none !important; margin:0px !important;\" \/> St\u00fcck \u201eKatastrophe\u201c ist eine Miniatur von nicht einmal zehn Seiten Literatur und <a href=\"https:\/\/de.wikipedia.org\/wiki\/V%C3%A1clav_Havel\" target=\"_blank\">V\u00e1clav Havel<\/a> gewidmet.<\/p>\n<p><strong>Personen:<\/strong><\/p>\n<p><em>Regisseur (R)<br \/>\nSeine Assistentin (A)<br \/>\nProtagonist (P)<br \/>\nLuc, Beleuchter, au\u00dferhalb der B\u00fchne<\/em><\/p>\n<p><em>\u201eWird hier ein (politischer) Gefangener oder Schauspieler (auf der Probe) manipuliert? Ist dieses St\u00fcck also eine Parabel f\u00fcr eine politische oder eine k\u00fcnstlerische Situation \u2013 oder sind allgemein alle Arten inhumaner Machtanwendung gemeint? Beckett gelingt es, gleich zweierlei zu zeigen: die Katastrophe des Gefangenen und die Katastrophe dessen, der dieses Elend darzustellen versucht.\u201c<\/em> (aus: <a href=\"http:\/\/www.suhrkamp.de\/theater_medien\/katastrophe-samuel_beckett_101060.html\" target=\"_blank\">suhrkamp.de\/theater_medien<\/a>)<\/p>\n<p>Auf der B\u00fchne steht der Protagonist auf einem 40 cm hohem schwarzen Kubus. Schwarzer Hut mit breiter Krempe. Schwarzer, bis auf die Kn\u00f6chel herabfallender Schlafrock. Barf\u00fc\u00dfig. Gesenkter Kopf. H\u00e4nde in den Taschen.<\/p>\n<p>Nach und nach wird ihm auf Anordnung des Regisseurs von der Assistentin Hut und Rock ausgezogen, die Hosenbeine hochgekrempelt usw. \u201eEs fehlt an Bl\u00f6\u00dfe.\u201c Und die Bl\u00f6\u00dfe ist zu wei\u00dfen. Dann stimmt die Beleuchtung nicht: Der K\u00f6rper des Protagonisten ist allm\u00e4hlich in Dunkel zu h\u00fcllen, es bleibt nur noch der beleuchtete Kopf. Der Regisseur ist die bestimmende Person, die Assistentin und der Beleuchter ausf\u00fchrende Organe \u2013 der Protagonist das \u201aOpfer\u2019.<\/p>\n","protected":false},"excerpt":{"rendered":"<p>Samuel Barclay Beckett (* 13. April 1906 in Dublin; \u2020 22. Dezember 1989 in Paris) war ein irischer Schriftsteller. Er gilt als einer der bedeutendsten Schriftsteller des 20. Jahrhunderts und wurde 1969 mit dem Nobelpreis f\u00fcr Literatur ausgezeichnet. Sein bekanntestes Werk ist Warten auf Godot (En attendant Godot), das am 5. Januar 1953 in Paris &hellip; <a href=\"https:\/\/willizblog.de\/?p=4359\" class=\"more-link\"><span class=\"screen-reader-text\">Vergessene St\u00fccke (3): Samuel Beckett \u2013 Katastrophe<\/span> weiterlesen <span class=\"meta-nav\">&rarr;<\/span><\/a><\/p>\n","protected":false},"author":1,"featured_media":0,"comment_status":"open","ping_status":"open","sticky":false,"template":"","format":"standard","meta":[],"categories":[14],"tags":[],"_links":{"self":[{"href":"https:\/\/willizblog.de\/index.php?rest_route=\/wp\/v2\/posts\/4359"}],"collection":[{"href":"https:\/\/willizblog.de\/index.php?rest_route=\/wp\/v2\/posts"}],"about":[{"href":"https:\/\/willizblog.de\/index.php?rest_route=\/wp\/v2\/types\/post"}],"author":[{"embeddable":true,"href":"https:\/\/willizblog.de\/index.php?rest_route=\/wp\/v2\/users\/1"}],"replies":[{"embeddable":true,"href":"https:\/\/willizblog.de\/index.php?rest_route=%2Fwp%2Fv2%2Fcomments&post=4359"}],"version-history":[{"count":0,"href":"https:\/\/willizblog.de\/index.php?rest_route=\/wp\/v2\/posts\/4359\/revisions"}],"wp:attachment":[{"href":"https:\/\/willizblog.de\/index.php?rest_route=%2Fwp%2Fv2%2Fmedia&parent=4359"}],"wp:term":[{"taxonomy":"category","embeddable":true,"href":"https:\/\/willizblog.de\/index.php?rest_route=%2Fwp%2Fv2%2Fcategories&post=4359"},{"taxonomy":"post_tag","embeddable":true,"href":"https:\/\/willizblog.de\/index.php?rest_route=%2Fwp%2Fv2%2Ftags&post=4359"}],"curies":[{"name":"wp","href":"https:\/\/api.w.org\/{rel}","templated":true}]}}