{"id":4382,"date":"2011-04-30T15:11:19","date_gmt":"2011-04-30T14:11:19","guid":{"rendered":"http:\/\/www.willizblog.de\/?p=4382"},"modified":"2011-04-30T15:11:19","modified_gmt":"2011-04-30T14:11:19","slug":"ein-april-wie-ein-sommer","status":"publish","type":"post","link":"https:\/\/willizblog.de\/?p=4382","title":{"rendered":"Ein April wie ein Sommer"},"content":{"rendered":"<p>Der April geht heute zu Ende, der fast schon ein Sommer war. Zumindest wir hier im Norden der L\u00fcneburger Heide hatten Sonne satt bei angenehmen Temperaturen. So konnten wir zu Ostern drau\u00dfen sitzen und mit Freunden und der Familie feiern. Aber die Freude wird f\u00fcr Allergiker doch ziemlich getr\u00fcbt. Da gleich alles an Pflanzen und Str\u00e4uchern meinte bl\u00fchen zu m\u00fcssen, so ist die Luft auch heute noch ges\u00e4ttigt mit Bl\u00fctenstaub, also Pollen, die alles mit gelblichen Partikeln bedecken. So sehr wir die Sonne m\u00f6gen, so sehr sehnt sich der Boden nach Regen.<\/p>\n<table border=\"0\" cellpadding=\"4\" cellspacing=\"0\" width=\"100%\">\n<tr>\n<td width=\"50%\">\n<p align=\"center\"><img loading=\"lazy\" border=\"0\" src=\"https:\/\/www.willizblog.de\/blogpicts\/blumen2011_04_01.jpg\" alt=\"Fr\u00fchling in AlbinZ Garten (April 2011)\" width=\"270\" height=\"203\"><\/td>\n<td width=\"50%\">\n<p align=\"center\"><img loading=\"lazy\" border=\"0\" src=\"https:\/\/www.willizblog.de\/blogpicts\/blumen2011_04_02.jpg\" alt=\"Fr\u00fchling in AlbinZ Garten (April 2011)\" width=\"270\" height=\"203\"><\/td>\n<\/tr>\n<tr>\n<td width=\"50%\">\n<p align=\"center\"><img loading=\"lazy\" border=\"0\" src=\"https:\/\/www.willizblog.de\/blogpicts\/blumen2011_04_03.jpg\" alt=\"Fr\u00fchling in AlbinZ Garten (April 2011)\" width=\"270\" height=\"203\"><\/td>\n<td width=\"50%\">\n<p align=\"center\"><img loading=\"lazy\" border=\"0\" src=\"https:\/\/www.willizblog.de\/blogpicts\/blumen2011_04_04.jpg\" alt=\"Fr\u00fchling in AlbinZ Garten (April 2011)\" width=\"270\" height=\"203\"><\/td>\n<\/tr>\n<tr>\n<td width=\"100%\" colspan=\"2\">\n<p align=\"center\"><font face=\"Lucida Grande, Lucida Sans Unicode, Verdana, sans-serif\" size=\"2\">Fr\u00fchling in AlbinZ Garten (April 2011)<\/font><\/td>\n<\/tr>\n<tr>\n<td width=\"50%\">\n<p align=\"center\"><img loading=\"lazy\" border=\"0\" src=\"https:\/\/www.willizblog.de\/blogpicts\/blumen2011_04_05.jpg\" alt=\"Fr\u00fchling in AlbinZ Garten (April 2011)\" width=\"270\" height=\"203\"><\/td>\n<td width=\"50%\">\n<p align=\"center\"><img loading=\"lazy\" border=\"0\" src=\"https:\/\/www.willizblog.de\/blogpicts\/blumen2011_04_06.jpg\" alt=\"Fr\u00fchling in AlbinZ Garten (April 2011)\" width=\"270\" height=\"203\"><\/td>\n<\/tr>\n<\/table>\n","protected":false},"excerpt":{"rendered":"<p>Der April geht heute zu Ende, der fast schon ein Sommer war. Zumindest wir hier im Norden der L\u00fcneburger Heide hatten Sonne satt bei angenehmen Temperaturen. So konnten wir zu Ostern drau\u00dfen sitzen und mit Freunden und der Familie feiern. Aber die Freude wird f\u00fcr Allergiker doch ziemlich getr\u00fcbt. Da gleich alles an Pflanzen und &hellip; <a href=\"https:\/\/willizblog.de\/?p=4382\" class=\"more-link\"><span class=\"screen-reader-text\">Ein April wie ein Sommer<\/span> weiterlesen <span class=\"meta-nav\">&rarr;<\/span><\/a><\/p>\n","protected":false},"author":1,"featured_media":0,"comment_status":"open","ping_status":"open","sticky":false,"template":"","format":"standard","meta":[],"categories":[16],"tags":[],"_links":{"self":[{"href":"https:\/\/willizblog.de\/index.php?rest_route=\/wp\/v2\/posts\/4382"}],"collection":[{"href":"https:\/\/willizblog.de\/index.php?rest_route=\/wp\/v2\/posts"}],"about":[{"href":"https:\/\/willizblog.de\/index.php?rest_route=\/wp\/v2\/types\/post"}],"author":[{"embeddable":true,"href":"https:\/\/willizblog.de\/index.php?rest_route=\/wp\/v2\/users\/1"}],"replies":[{"embeddable":true,"href":"https:\/\/willizblog.de\/index.php?rest_route=%2Fwp%2Fv2%2Fcomments&post=4382"}],"version-history":[{"count":0,"href":"https:\/\/willizblog.de\/index.php?rest_route=\/wp\/v2\/posts\/4382\/revisions"}],"wp:attachment":[{"href":"https:\/\/willizblog.de\/index.php?rest_route=%2Fwp%2Fv2%2Fmedia&parent=4382"}],"wp:term":[{"taxonomy":"category","embeddable":true,"href":"https:\/\/willizblog.de\/index.php?rest_route=%2Fwp%2Fv2%2Fcategories&post=4382"},{"taxonomy":"post_tag","embeddable":true,"href":"https:\/\/willizblog.de\/index.php?rest_route=%2Fwp%2Fv2%2Ftags&post=4382"}],"curies":[{"name":"wp","href":"https:\/\/api.w.org\/{rel}","templated":true}]}}