{"id":4385,"date":"2011-05-01T15:16:26","date_gmt":"2011-05-01T14:16:26","guid":{"rendered":"http:\/\/www.willizblog.de\/?p=4385"},"modified":"2011-04-30T15:19:41","modified_gmt":"2011-04-30T14:19:41","slug":"1-mai-tag-der-arbeit-2011","status":"publish","type":"post","link":"https:\/\/willizblog.de\/?p=4385","title":{"rendered":"1. Mai &#8211; Tag der Arbeit &#8211; 2011"},"content":{"rendered":"<p>Neben dem <a href=\"https:\/\/de.wikipedia.org\/wiki\/Walpurgisnacht#Maieinsingen.2C_Maifeuer.2C_Tanz_in_den_Mai\" target=\"_blank\">Tanz in den Mai<\/a> (der 30. April ist auch die Walpurgisnacht) und der Tradition des <a href=\"https:\/\/www.willizblog.de\/?p=469\" target=\"_blank\">Maibaumaufstellens<\/a> ist der <a href=\"https:\/\/de.wikipedia.org\/wiki\/1._Mai\" target=\"_blank\">1. Mai<\/a> seit vielen Jahren der <a href=\"https:\/\/de.wikipedia.org\/wiki\/Erster_Mai\" target=\"_blank\">Tag der Arbeit<\/a>, also der Tag, an dem die Arbeiterbewegung ihre Forderungen durch Demonstrationen bekr\u00e4ftigt. Statt Arbeiter setze man heute Arbeitnehmer.<\/p>\n<p>In einer Gesellschaft, die sich als zivilisatorisch versteht, sollte jeder durch seinen F\u00e4higkeiten entsprechende Arbeit den ihm angemessenen Lebensunterhalt bestreiten k\u00f6nnen. Dass das nicht immer selbstverst\u00e4ndlich war und teilweise auch heute nicht ist, bedarf keiner weiteren Er\u00f6rterung.<\/p>\n<p><strong>1. Mai 2011:<\/strong> \u201ePassend zum 1. Mai verk\u00fcndet Arbeitsministerin von der Leyen mit dem neuerlichen R\u00fcckgang der Arbeitslosigkeit auf 3,08 Millionen ein Jobwunder. Wenn sie rund eine Million Arbeitslose noch hinzuz\u00e4hlen w\u00fcrde, w\u00e4re sie dichter an der Wahrheit. Alleine fast 400.000 Arbeitslose werden nicht mitgez\u00e4hlt, weil sie \u00e4lter als 58 Jahre sind.<\/p>\n<p>Schaut man genauer in die Statistik der Bundesagentur, dann offenbart sich, wie viele bereits ins Abseits gedr\u00e4ngt wurden. 830.000 Menschen beziehen Arbeitslosengeld I, mehr als 4,7 Millionen Arbeitslosengeld II. Sie sind erwerbsf\u00e4hig und finden keinen Job. Oder nur menschenunw\u00fcrdige bei denen sie so wenig verdienen, dass sie nicht aus der Abh\u00e4ngigkeit vom Arbeitslosengeld II heraus kommen. Das sind die rund 1,4 Millionen \u201aAufstocker\u2019. Mit mehr Vollzeitjobs und dem Mindestlohn von 10 Euro k\u00f6nnte dieser Skandal, der die Sozialkassen mehr als zehn Milliarden Euro kostet, weitgehend beseitigt werden.<\/p>\n<p>Das vermeintliche Jobwunder wird auch bejubelt, weil es mittlerweile wieder 28 Millionen sozialversicherungspflichtige Besch\u00e4ftige gibt. Rund 700.000 mehr als noch vor einem Jahr. Nur dieser Erfolg beruht zu einem gro\u00dfen Teil auf Leiharbeit, befristeten und anderen miesen Jobs.\u201c<\/p>\n<p>Quelle: <a href=\"http:\/\/www.michael-schlecht-mdb.de\/\" target=\"_blank\">www.michael-schlecht-mdb.de<\/a><\/p>\n","protected":false},"excerpt":{"rendered":"<p>Neben dem Tanz in den Mai (der 30. April ist auch die Walpurgisnacht) und der Tradition des Maibaumaufstellens ist der 1. Mai seit vielen Jahren der Tag der Arbeit, also der Tag, an dem die Arbeiterbewegung ihre Forderungen durch Demonstrationen bekr\u00e4ftigt. Statt Arbeiter setze man heute Arbeitnehmer. In einer Gesellschaft, die sich als zivilisatorisch versteht, &hellip; <a href=\"https:\/\/willizblog.de\/?p=4385\" class=\"more-link\"><span class=\"screen-reader-text\">1. Mai &#8211; Tag der Arbeit &#8211; 2011<\/span> weiterlesen <span class=\"meta-nav\">&rarr;<\/span><\/a><\/p>\n","protected":false},"author":1,"featured_media":0,"comment_status":"open","ping_status":"open","sticky":false,"template":"","format":"standard","meta":[],"categories":[32,2],"tags":[],"_links":{"self":[{"href":"https:\/\/willizblog.de\/index.php?rest_route=\/wp\/v2\/posts\/4385"}],"collection":[{"href":"https:\/\/willizblog.de\/index.php?rest_route=\/wp\/v2\/posts"}],"about":[{"href":"https:\/\/willizblog.de\/index.php?rest_route=\/wp\/v2\/types\/post"}],"author":[{"embeddable":true,"href":"https:\/\/willizblog.de\/index.php?rest_route=\/wp\/v2\/users\/1"}],"replies":[{"embeddable":true,"href":"https:\/\/willizblog.de\/index.php?rest_route=%2Fwp%2Fv2%2Fcomments&post=4385"}],"version-history":[{"count":0,"href":"https:\/\/willizblog.de\/index.php?rest_route=\/wp\/v2\/posts\/4385\/revisions"}],"wp:attachment":[{"href":"https:\/\/willizblog.de\/index.php?rest_route=%2Fwp%2Fv2%2Fmedia&parent=4385"}],"wp:term":[{"taxonomy":"category","embeddable":true,"href":"https:\/\/willizblog.de\/index.php?rest_route=%2Fwp%2Fv2%2Fcategories&post=4385"},{"taxonomy":"post_tag","embeddable":true,"href":"https:\/\/willizblog.de\/index.php?rest_route=%2Fwp%2Fv2%2Ftags&post=4385"}],"curies":[{"name":"wp","href":"https:\/\/api.w.org\/{rel}","templated":true}]}}