{"id":4397,"date":"2011-05-03T09:48:05","date_gmt":"2011-05-03T08:48:05","guid":{"rendered":"http:\/\/www.willizblog.de\/?p=4397"},"modified":"2011-05-03T09:48:05","modified_gmt":"2011-05-03T08:48:05","slug":"der-tod-eines-terroristen","status":"publish","type":"post","link":"https:\/\/willizblog.de\/?p=4397","title":{"rendered":"Der Tod eines Terroristen"},"content":{"rendered":"<p><a href=\"https:\/\/de.wikipedia.org\/wiki\/Osama_bin_Laden\" target=\"_blank\">Osama bin Laden<\/a>, der Gr\u00fcnder und Anf\u00fchrer der <a href=\"https:\/\/de.wikipedia.org\/wiki\/Al-Qaida\" target=\"_blank\">Al Kaida<\/a>, ist tot. Er wurde gestern fr\u00fch von der amerikanischen Spezialeinheit <a href=\"https:\/\/de.wikipedia.org\/wiki\/United_States_Navy_SEALs\" target=\"_blank\">Navy Seals<\/a> der US Marine in seinem Versteck in der pakistanischen Stadt <a href=\"https:\/\/de.wikipedia.org\/wiki\/Abbottabad\" target=\"_blank\">Abbottabad<\/a> erschossen.<\/p>\n<p>Bin Laden stand f\u00fcr die Globalisierung des Terrors, der sich mit einer Spur der Gewalt \u00fcber die ganze Weltkarte gezogen hat. Und: Viele Terroristen agierten in seinem Namen, ohne dass sie jemals mit ihm Kontakt hatten. Osama bin Laden war als geistiger Kopf der Al Kaida ein \u201aManager des Todes\u2019, ein M\u00f6rder, <em>der selbst wohl keinem Menschen je ein Haar gekr\u00fcmmt hat. Wie ein Top-Manager der Industrie gab er die Direktiven heraus, kurzgefasst und unmissverst\u00e4ndlich, um die Richtung \u2018des Unternehmens\u2019 zu bestimmen. Und schon setzte sich ein Team zusammen, um die Ausf\u00fchrungsrichtlinien zu verfassen. Die eigentliche Tat l\u00e4sst man auf der untersten Ebene dieser perfiden Hierarchie ausf\u00fchren. Handlungsgehilfen findet man \u00fcberall<\/em> (siehe meinen Beitrag <a href=\"https:\/\/www.willizblog.de\/?p=812\" target=\"_blank\">Bestie Mensch<\/a>).<\/p>\n<p><iframe loading=\"lazy\" width=\"540\" height=\"320\" frameborder=\"0\" scrolling=\"no\" marginheight=\"0\" marginwidth=\"0\" src=\"https:\/\/maps.google.de\/maps?f=q&amp;source=s_q&amp;hl=de&amp;geocode=&amp;q=abbottabad&amp;aq=&amp;sll=34.174956,73.24439&amp;sspn=0.039624,0.066175&amp;ie=UTF8&amp;hq=&amp;hnear=Abbottabad,+Khyber+Pakhtunkhwa,+Pakistan&amp;t=h&amp;ll=34.169386,73.242491&amp;spn=0.00142,0.002891&amp;z=18&amp;output=embed\"><\/iframe><br \/><small><a href=\"https:\/\/maps.google.de\/maps?f=q&amp;source=embed&amp;hl=de&amp;geocode=&amp;q=abbottabad&amp;aq=&amp;sll=34.174956,73.24439&amp;sspn=0.039624,0.066175&amp;ie=UTF8&amp;hq=&amp;hnear=Abbottabad,+Khyber+Pakhtunkhwa,+Pakistan&amp;t=h&amp;ll=34.169386,73.242491&amp;spn=0.00142,0.002891&amp;z=18\" style=\"color:#0000FF;text-align:left\">Gr\u00f6\u00dfere Kartenansicht<\/a><\/small><br \/>\nOsama Bin Ladens Unterschlupf in Abbottabad<\/p>\n<p>Der Tod Osama bin Ladens ist kein Grund zur Freude (Frau Merkels \u201eFreue mich, dass es gelungen ist, Bin Laden zu t\u00f6ten\u201c halte ich f\u00fcr unangebracht). Daf\u00fcr sind u.a. auch die Umst\u00e4nde des Todes von bin Laden \u2013 wenigstens in der \u00d6ffentlichkeit \u2013 noch nicht genau gekl\u00e4rt. Allein v\u00f6lkerrechtlich d\u00fcrfte die gezielte T\u00f6tung des Al Kaida-F\u00fchrers bedenklich sein. \u201eErste Berichte, die Seals h\u00e4tten von Anfang nur einen T\u00f6tungsbefehl gehabt, dementierten US-Regierungskreise: Bin Laden sei einzig erschossen worden, weil er sich gewehrt habe.\u201c (Quelle: <a href=\"http:\/\/www.spiegel.de\/politik\/ausland\/0,1518,760259,00.html\" target=\"_blank\">spiegel.de<\/a>) Nat\u00fcrlich bleiben bisher viele weitere Fragen offen, die zu wilden Mutma\u00dfungen Anlass geben (siehe ard.de: <a href=\"http:\/\/www.tagesschau.de\/ausland\/binladen164.html\" target=\"_blank\">Viele Fragen, wilde Mutma\u00dfungen, kaum Fakten<\/a>):<\/p>\n<p><em>\u201eWarum wurde er gerade jetzt aufgesp\u00fcrt? Welche Rolle spielt Pakistan? Und warum gibt es bis jetzt keinen Beweis f\u00fcr seinen Tod? Warum gibt es kein Foto als Beweis? Wilde Mutma\u00dfungen gibt es viele, fundierte Antworten bislang eher wenige.\u201c<\/em><\/p>\n<p>Nat\u00fcrlich wird man bei uns Osama bin Laden keine Tr\u00e4ne nachweinen. Und Friedensnobelpreistr\u00e4ger Obama, der die Operation angeordnet hatte, d\u00fcrfte von der T\u00f6tung profitieren. Innenpolitisch steht er derzeit schwer unter Druck. Der Fahndungserfolg d\u00fcrfte seine Chancen auf eine Wiederwahl im November 2012 verbessern. Ob aber die Welt nach dem Tod von bin Laden besser ist, d\u00fcrfte bezweifelt werden. Operativ spielte er schon l\u00e4ngere Zeit keine Rolle mehr. Aber wie der <a href=\"https:\/\/de.wikipedia.org\/wiki\/Hydra_%28Mythologie%29\" target=\"_blank\">Hydra<\/a>, dem Ungeheuer der griechischen Mythologie, wachsen wohl auch der Al Kaida neue K\u00f6pfe nach, wenn sie einen verloren hat. L\u00e4ngst d\u00fcrfte der \u00c4gypter <a href=\"https:\/\/de.wikipedia.org\/wiki\/Aiman_az-Zawahiri\" target=\"_blank\">Aiman az-Zawahiri<\/a> als neuer Drahtzieher der Terrororganisation gelten. Und betrachtet man die <a href=\"http:\/\/www.rewardsforjustice.net\/index.cfm?page=wanted_terrorist&#038;language=german\" target=\"_blank\">Fahndungsliste der US-Beh\u00f6rden<\/a>, dann dr\u00e4ngen sich weitere Top-Terroristen in der Vordergrund.<\/p>\n<p>Aber die Welt, besonders die arabische, hat zz. andere Probleme. Gegen <a href=\"https:\/\/de.wikipedia.org\/wiki\/Muammar_al-Gaddafi\" target=\"_blank\">Gaddafi<\/a> in Libyen und <a href=\"https:\/\/de.wikipedia.org\/wiki\/Baschar_al-Assad\" target=\"_blank\">Assad<\/a> in Syrien war bin Laden fast ein \u201aWaisenknabe\u2019. Wie diese beiden Machthaber ihr jeweiliges Volk niederschie\u00dfen lassen, ist Terror der schlimmsten Art: <strong>Staatsterror und Mord!<\/strong><\/p>\n<p>siehe auch: welt.de &#8211; <a href=\"http:\/\/www.welt.de\/politik\/article13318854\/US-Marine-nennt-Details-zur-Seebestattung-Bin-Ladens.html\" target=\"_blank\">US-Marine nennt Details zur Seebestattung Bin Ladens<\/a><\/p>\n","protected":false},"excerpt":{"rendered":"<p>Osama bin Laden, der Gr\u00fcnder und Anf\u00fchrer der Al Kaida, ist tot. Er wurde gestern fr\u00fch von der amerikanischen Spezialeinheit Navy Seals der US Marine in seinem Versteck in der pakistanischen Stadt Abbottabad erschossen. Bin Laden stand f\u00fcr die Globalisierung des Terrors, der sich mit einer Spur der Gewalt \u00fcber die ganze Weltkarte gezogen hat. &hellip; <a href=\"https:\/\/willizblog.de\/?p=4397\" class=\"more-link\"><span class=\"screen-reader-text\">Der Tod eines Terroristen<\/span> weiterlesen <span class=\"meta-nav\">&rarr;<\/span><\/a><\/p>\n","protected":false},"author":1,"featured_media":0,"comment_status":"open","ping_status":"open","sticky":false,"template":"","format":"standard","meta":[],"categories":[20],"tags":[],"_links":{"self":[{"href":"https:\/\/willizblog.de\/index.php?rest_route=\/wp\/v2\/posts\/4397"}],"collection":[{"href":"https:\/\/willizblog.de\/index.php?rest_route=\/wp\/v2\/posts"}],"about":[{"href":"https:\/\/willizblog.de\/index.php?rest_route=\/wp\/v2\/types\/post"}],"author":[{"embeddable":true,"href":"https:\/\/willizblog.de\/index.php?rest_route=\/wp\/v2\/users\/1"}],"replies":[{"embeddable":true,"href":"https:\/\/willizblog.de\/index.php?rest_route=%2Fwp%2Fv2%2Fcomments&post=4397"}],"version-history":[{"count":0,"href":"https:\/\/willizblog.de\/index.php?rest_route=\/wp\/v2\/posts\/4397\/revisions"}],"wp:attachment":[{"href":"https:\/\/willizblog.de\/index.php?rest_route=%2Fwp%2Fv2%2Fmedia&parent=4397"}],"wp:term":[{"taxonomy":"category","embeddable":true,"href":"https:\/\/willizblog.de\/index.php?rest_route=%2Fwp%2Fv2%2Fcategories&post=4397"},{"taxonomy":"post_tag","embeddable":true,"href":"https:\/\/willizblog.de\/index.php?rest_route=%2Fwp%2Fv2%2Ftags&post=4397"}],"curies":[{"name":"wp","href":"https:\/\/api.w.org\/{rel}","templated":true}]}}