{"id":4414,"date":"2011-05-08T09:55:56","date_gmt":"2011-05-08T08:55:56","guid":{"rendered":"http:\/\/www.willizblog.de\/?p=4414"},"modified":"2011-05-07T18:38:40","modified_gmt":"2011-05-07T17:38:40","slug":"geschlossen-wg-familienfeier","status":"publish","type":"post","link":"https:\/\/willizblog.de\/?p=4414","title":{"rendered":"Geschlossen wg. Familienfeier"},"content":{"rendered":"<p><img src=\"https:\/\/www.willizblog.de\/blogpicts\/geschlossen.jpg\" alt=\"Geschlossene Gesellschaft\" \/><\/p>\n<p>Der Mai ist in evangelischen Landstrichen Konfirmationszeit. So bin auch ich heute mit meinen Lieben in Bremen in Sachen Konfirmation unterwegs. Mein Patenkind (und Gro\u00dfneffe) wird heute in der Martin-Luther-Kirche konfirmiert. Anschlie\u00dfend geht es in die <a href=\"http:\/\/www.ueberseestadt-bremen.de\/de\/startseite_ueberseestadt\" >\u00dcberseestadt von Bremen<\/a> zum Essen. Bei diesem Wetter (Sonne satt) eine durchaus angenehme Angelegenheit.<\/p>\n<p><iframe loading=\"lazy\" width=\"540\" height=\"320\" frameborder=\"0\" scrolling=\"no\" marginheight=\"0\" marginwidth=\"0\" src=\"https:\/\/maps.google.de\/maps?q=bremen&amp;oe=utf-8&amp;client=firefox-a&amp;ie=UTF8&amp;hq=&amp;hnear=Bremen&amp;gl=de&amp;t=h&amp;layer=c&amp;cbll=53.094696,8.808325&amp;panoid=yfhTJXhZYh0G_Qsd-S9VAw&amp;cbp=13,101.86,,0,-14.17&amp;source=embed&amp;ll=53.089952,8.808289&amp;spn=0.016495,0.046349&amp;z=14&amp;output=svembed\"><\/iframe><br \/><small><a href=\"https:\/\/maps.google.de\/maps?q=bremen&amp;oe=utf-8&amp;client=firefox-a&amp;ie=UTF8&amp;hq=&amp;hnear=Bremen&amp;gl=de&amp;t=h&amp;layer=c&amp;cbll=53.094696,8.808325&amp;panoid=yfhTJXhZYh0G_Qsd-S9VAw&amp;cbp=13,101.86,,0,-14.17&amp;source=embed&amp;ll=53.089952,8.808289&amp;spn=0.016495,0.046349&amp;z=14\" style=\"color:#0000FF;text-align:left\">Gr\u00f6\u00dfere Kartenansicht<\/a><\/small><br \/>\nMartin-Luther-Kirche in Bremen-Findorff<\/p>\n","protected":false},"excerpt":{"rendered":"<p>Der Mai ist in evangelischen Landstrichen Konfirmationszeit. So bin auch ich heute mit meinen Lieben in Bremen in Sachen Konfirmation unterwegs. Mein Patenkind (und Gro\u00dfneffe) wird heute in der Martin-Luther-Kirche konfirmiert. Anschlie\u00dfend geht es in die \u00dcberseestadt von Bremen zum Essen. Bei diesem Wetter (Sonne satt) eine durchaus angenehme Angelegenheit. Gr\u00f6\u00dfere Kartenansicht Martin-Luther-Kirche in Bremen-Findorff<\/p>\n","protected":false},"author":1,"featured_media":0,"comment_status":"open","ping_status":"open","sticky":false,"template":"","format":"standard","meta":[],"categories":[66],"tags":[],"_links":{"self":[{"href":"https:\/\/willizblog.de\/index.php?rest_route=\/wp\/v2\/posts\/4414"}],"collection":[{"href":"https:\/\/willizblog.de\/index.php?rest_route=\/wp\/v2\/posts"}],"about":[{"href":"https:\/\/willizblog.de\/index.php?rest_route=\/wp\/v2\/types\/post"}],"author":[{"embeddable":true,"href":"https:\/\/willizblog.de\/index.php?rest_route=\/wp\/v2\/users\/1"}],"replies":[{"embeddable":true,"href":"https:\/\/willizblog.de\/index.php?rest_route=%2Fwp%2Fv2%2Fcomments&post=4414"}],"version-history":[{"count":0,"href":"https:\/\/willizblog.de\/index.php?rest_route=\/wp\/v2\/posts\/4414\/revisions"}],"wp:attachment":[{"href":"https:\/\/willizblog.de\/index.php?rest_route=%2Fwp%2Fv2%2Fmedia&parent=4414"}],"wp:term":[{"taxonomy":"category","embeddable":true,"href":"https:\/\/willizblog.de\/index.php?rest_route=%2Fwp%2Fv2%2Fcategories&post=4414"},{"taxonomy":"post_tag","embeddable":true,"href":"https:\/\/willizblog.de\/index.php?rest_route=%2Fwp%2Fv2%2Ftags&post=4414"}],"curies":[{"name":"wp","href":"https:\/\/api.w.org\/{rel}","templated":true}]}}