{"id":4417,"date":"2011-05-09T09:26:42","date_gmt":"2011-05-09T08:26:42","guid":{"rendered":"http:\/\/www.willizblog.de\/?p=4417"},"modified":"2011-05-09T09:27:33","modified_gmt":"2011-05-09T08:27:33","slug":"vergessene-stucke-5-thomas-bernhard-%e2%80%93-vor-dem-ruhestand","status":"publish","type":"post","link":"https:\/\/willizblog.de\/?p=4417","title":{"rendered":"Vergessene St\u00fccke (5): Thomas Bernhard \u2013 Vor dem Ruhestand"},"content":{"rendered":"<p><a href=\"https:\/\/de.wikipedia.org\/wiki\/Thomas_Bernhard\" target=\"_blank\">Niclaas Thomas Bernhard<\/a> (* 9. Februar 1931 in Heerlen, Niederlande; \u2020 12. Februar 1989 in Gmunden, \u00d6sterreich) war ein \u00f6sterreichischer Schriftsteller. Er z\u00e4hlt zu den bedeutendsten deutschsprachigen Autoren der zweiten H\u00e4lfte des 20. Jahrhunderts (<a href=\"https:\/\/www.amazon.de\/gp\/search?ie=UTF8&#038;keywords=thomas%20bernhard%20st%C3%BCcke&#038;tag=familiealbin-21&#038;index=books&#038;linkCode=ur2&#038;camp=1638&#038;creative=6742\" target=\"_blank\"><strong>St\u00fccke von Thomas Bernhard<\/strong><\/a><img loading=\"lazy\" src=\"https:\/\/www.assoc-amazon.de\/e\/ir?t=familiealbin-21&#038;l=ur2&#038;o=3\" width=\"1\" height=\"1\" border=\"0\" alt=\"\" style=\"border:none !important; margin:0px !important;\" \/>). <a href=\"https:\/\/de.wikipedia.org\/wiki\/Vor_dem_Ruhestand\" target=\"_blank\">Vor dem Ruhestand<\/a> ist ein Theaterst\u00fcck, das am 29. Juni 1979 im W\u00fcrttembergischen Staatstheater Stuttgart uraufgef\u00fchrt wurde.<\/p>\n<p>\u201cVor dem Ruhestand\u201d habe ich in einem Band mit verschiedenen Theaterst\u00fccken (suhrkamp taschenbuch 1190 \u2013 1. Auflage 1985) <a href=\"https:\/\/www.amazon.de\/gp\/product\/B004JJU5Y4\/ref=as_li_tf_tl?ie=UTF8&#038;tag=familiealbin-21&#038;linkCode=as2&#038;camp=1638&#038;creative=6742&#038;creativeASIN=B004JJU5Y4\" target=\"_blank\"><strong>Theater heute<\/strong><\/a><img loading=\"lazy\" src=\"https:\/\/www.assoc-amazon.de\/e\/ir?t=familiealbin-21&#038;l=as2&#038;o=3&#038;a=B004JJU5Y4\" width=\"1\" height=\"1\" border=\"0\" alt=\"\" style=\"border:none !important; margin:0px !important;\" \/> vorliegen. Anlass f\u00fcr das St\u00fccks war die damalige <a href=\"https:\/\/de.wikipedia.org\/wiki\/Filbinger-Aff%C3%A4re\" target=\"_blank\">Filbinger-Aff\u00e4re<\/a> in der BRD und die Auseinandersetzung zwischen dem Regisseur Claus Peymann und dem baden-w\u00fcrttembergischen Ministerpr\u00e4sidenten Hans Filbinger, der aufgrund seiner nationalsozialistischen Vergangenheit als Marinestabsrichter zum R\u00fccktritt gezwungen wurde.<\/p>\n<p><strong>Personen:<\/strong><\/p>\n<p>Rudolf H\u00f6ller, Gerichtspr\u00e4sident und ehemaliger SS-Offizier (Obersturmbannf\u00fchrer)<br \/>\nClara (im Rollstuhl), seine Schwester<br \/>\nVera, seine Schwester<\/p>\n<p><strong>Ort:<\/strong> Im Haus des Gerichtspr\u00e4sidenten H\u00f6ller<\/p>\n<p>Der Untertitel zu dem St\u00fcck lautet \u201eEine Kom\u00f6die von deutscher Seele\u201c und verbindet Trag\u00f6die und Kom\u00f6die auf sehr sarkastische Weise. Dem Zuschauer bzw. Leser bleibt dabei das Lachen im Halse stecken. Inhaltlich geht es um eine Familie (Bruder mit zwei Schwestern), in der die nationalsozialistischen Ideen noch h\u00f6chst lebendig sind. Am Abend des 7. Oktober jedes Jahr feiert man <a href=\"https:\/\/de.wikipedia.org\/wiki\/Heinrich_Himmler\" target=\"_blank\">Heinrich Himmlers<\/a> Geburtstag,<\/p>\n<p>Der Bruder, ehemaliger SS-Offizier und jetzt Gerichtspr\u00e4sident, steht kurz vor seiner Pensionierung. Das Theaterpublikum darf sowohl den Vorbereitungen f\u00fcr das Fest als auch diesem selbst zuschauen. Am Ende des St\u00fccks stirbt der von nationalsozialistischem Wahn ergriffene Rudolf an einem Herzkollaps.<\/p>\n<p>VERA &#8230; <em>Wir k\u00f6nnen nicht anders<br \/>\nwir bel\u00fcgen uns<br \/>\naber wie sch\u00f6n ist letztenendes das<br \/>\nwas wir tun<br \/>\nindem wir es spielen<br \/>\nund das was wir spielen<br \/>\nindem wir es tun<\/em><br \/>\n(S. 58)<\/p>\n<p>&#8230; <em>Wir haben unser Theaterst\u00fcck einge\u00fcbt<br \/>\nseit drei Jahrzehnten sind die Rollen verteilt<br \/>\njeder hat seinen Part<br \/>\nabsto\u00dfend und gef\u00e4hrlich<br \/>\njeder hat sein Kost\u00fcm<br \/>\nwehe wenn der eine in das Kost\u00fcm des andern schl\u00fcpft.<br \/>\nWann der Vorhang zugemacht wird<br \/>\nbestimmen wir drei zusammen<br \/>\nKeiner von uns hat das Recht<br \/>\nDen Vorhang zuzuziehen wann es ihm pa\u00dft<\/em><br \/>\n(S. 59f.)<\/p>\n<p>CLARA ist infolge eines amerikanischen Bombenangriffs querschnittsgel\u00e4hmt und sitzt im Rollstuhl. Sie hasst ihre Geschwister, ist aber auf sie angewiesen und kann deshalb nicht davonlaufen:<\/p>\n<p>CLARA &#8230; <em>unter eueren H\u00e4nden ist die Musik<br \/>\nimmer etwas Entsetzliches geworden<br \/>\nWenn der Vater Gedichte vorgelesen hat<br \/>\nwar es das Entsetzlichste das man sich vorstellen kann<br \/>\nihr habt euch so oft an Musik vergriffen<br \/>\nan Dichtung an Poesie<br \/>\nihr habt sie immer mi\u00dfbraucht die Kunst &#8230;<\/em><br \/>\n(S. 64)<\/p>\n<p>Erstaunlich ist es zu erfahren, wie gesellig, wie kultiviert sich die <a href=\"https:\/\/www.willizblog.de\/?p=812\" target=\"_blank\">Bestie Mensch<\/a> immer wieder pr\u00e4sentiert. Diese empfindet sich selbst als Opfer der \u201aniedrigeren Kreatur\u2019, der man nur durch \u201aAusrottung\u2019 Herr werden kann.<\/p>\n<p>RUDOLF [schildert einen Prozess] &#8230;<em>Du h\u00e4ttest diese Kreatur sehen sollen<br \/>\nbeim Lokalaugenschein<br \/>\nkalt bis ins Mark<br \/>\nzynisch<br \/>\nvollkommen gleichg\u00fcltig gegen\u00fcber seinem Opfer<br \/>\neinen Menschen umbringen wegen Viertausend<br \/>\naber die sind alle gleich<br \/>\ndas hat es zu unserer Zeit nicht gegeben<br \/>\nsolche Elemente hat es ganz einfach nicht gegeben<br \/>\nsie sind gar nicht erst aufgekommen<br \/>\njede Verhandlung er\u00f6ffnet den Blick in eine menschliche Kloake &#8230;<\/em><br \/>\n(S. 106)<\/p>\n","protected":false},"excerpt":{"rendered":"<p>Niclaas Thomas Bernhard (* 9. Februar 1931 in Heerlen, Niederlande; \u2020 12. Februar 1989 in Gmunden, \u00d6sterreich) war ein \u00f6sterreichischer Schriftsteller. Er z\u00e4hlt zu den bedeutendsten deutschsprachigen Autoren der zweiten H\u00e4lfte des 20. Jahrhunderts (St\u00fccke von Thomas Bernhard). Vor dem Ruhestand ist ein Theaterst\u00fcck, das am 29. Juni 1979 im W\u00fcrttembergischen Staatstheater Stuttgart uraufgef\u00fchrt wurde. &hellip; <a href=\"https:\/\/willizblog.de\/?p=4417\" class=\"more-link\"><span class=\"screen-reader-text\">Vergessene St\u00fccke (5): Thomas Bernhard \u2013 Vor dem Ruhestand<\/span> weiterlesen <span class=\"meta-nav\">&rarr;<\/span><\/a><\/p>\n","protected":false},"author":1,"featured_media":0,"comment_status":"open","ping_status":"open","sticky":false,"template":"","format":"standard","meta":[],"categories":[14],"tags":[],"_links":{"self":[{"href":"https:\/\/willizblog.de\/index.php?rest_route=\/wp\/v2\/posts\/4417"}],"collection":[{"href":"https:\/\/willizblog.de\/index.php?rest_route=\/wp\/v2\/posts"}],"about":[{"href":"https:\/\/willizblog.de\/index.php?rest_route=\/wp\/v2\/types\/post"}],"author":[{"embeddable":true,"href":"https:\/\/willizblog.de\/index.php?rest_route=\/wp\/v2\/users\/1"}],"replies":[{"embeddable":true,"href":"https:\/\/willizblog.de\/index.php?rest_route=%2Fwp%2Fv2%2Fcomments&post=4417"}],"version-history":[{"count":0,"href":"https:\/\/willizblog.de\/index.php?rest_route=\/wp\/v2\/posts\/4417\/revisions"}],"wp:attachment":[{"href":"https:\/\/willizblog.de\/index.php?rest_route=%2Fwp%2Fv2%2Fmedia&parent=4417"}],"wp:term":[{"taxonomy":"category","embeddable":true,"href":"https:\/\/willizblog.de\/index.php?rest_route=%2Fwp%2Fv2%2Fcategories&post=4417"},{"taxonomy":"post_tag","embeddable":true,"href":"https:\/\/willizblog.de\/index.php?rest_route=%2Fwp%2Fv2%2Ftags&post=4417"}],"curies":[{"name":"wp","href":"https:\/\/api.w.org\/{rel}","templated":true}]}}