{"id":4422,"date":"2011-05-10T09:31:48","date_gmt":"2011-05-10T08:31:48","guid":{"rendered":"http:\/\/www.willizblog.de\/?p=4422"},"modified":"2011-05-10T07:33:25","modified_gmt":"2011-05-10T06:33:25","slug":"dunkle-gestalten-im-garten","status":"publish","type":"post","link":"https:\/\/willizblog.de\/?p=4422","title":{"rendered":"Dunkle Gestalten im Garten"},"content":{"rendered":"<table border=\"0\" cellpadding=\"4\" cellspacing=\"0\" width=\"100%\">\n<tr>\n<td width=\"50%\">\n<p align=\"center\"><img loading=\"lazy\" border=\"0\" src=\"https:\/\/www.willizblog.de\/blogpicts\/blumen2011_04_07.jpg\" alt=\"schwarze Petunien\" width=\"270\" height=\"203\"><\/td>\n<td width=\"50%\">\n<p align=\"center\"><img loading=\"lazy\" border=\"0\" src=\"https:\/\/www.willizblog.de\/blogpicts\/blumen2011_04_08.jpg\" alt=\"schwarze Tulpe\" width=\"270\" height=\"203\"><\/td>\n<\/tr>\n<tr>\n<td width=\"50%\">\n<p align=\"center\"><font face=\"Lucida Grande, Lucida Sans Unicode, Verdana, sans-serif\" size=\"2\">schwarze Petunien<\/font><\/td>\n<td width=\"50%\">\n<p align=\"center\"><font face=\"Lucida Grande, Lucida Sans Unicode, Verdana, sans-serif\" size=\"2\">schwarze Tulpe<\/font><\/td>\n<\/tr>\n<\/table>\n<p>Es ist wohl der Wunsch mancher G\u00e4rtner, schwarze Blumen zu z\u00fcchten. Aber gibt es wirklich ein reines Schwarz bei Blumen (d.h. bei den Bl\u00fctenbl\u00e4ttern)? H\u00f6rt man die Sortennamen wie \u2018Black Ball\u2019 oder \u2018Queen of the Night\u2019 oder die Bezeichnung schwarz (niger oder black), dann k\u00f6nnte man glauben, ja. Aber das ist wohl nicht ganz zutreffend. Oft kommt zum  Schwarzanteil noch Dunkelrot, Dunkelbraun oder Dunkelblau hinzu \u2013 alles dunkle Farbt\u00f6ne, die sich Schwarz stark n\u00e4hern. Der tats\u00e4chliche Farbton zeigt sich deutlich in voller Sonne. Ein unterschiedlicher Lichteinfall w\u00e4hrend eines Sommertages kann die Farbe der Bl\u00fcten von einem tiefen Purpurrot oder dunklem Braun zu Schwarz oder umgekehrt wechseln lassen. Stark gl\u00e4nzende Bl\u00fcten wie die der Schwarzen Stockrose <a href=\"http:\/\/b-and-t-world-seeds.com\/images\/25398.jpg\" target=\"_blank\">Alcea rosea \u2018Nigra\u2019<\/a> wirken im Sonnenlicht fast tiefschwarz. Bei anderen dunklen Pflanzenteilen bewirkt Sonnenlicht das Gegenteil, sie wirken erst im Schatten schwarz.<\/p>\n<p>Nun auch wir haben Blumen, <a href=\"https:\/\/de.wikipedia.org\/wiki\/Petunien\" target=\"_blank\">Petunien<\/a> und <a href=\"https:\/\/de.wikipedia.org\/wiki\/Tulpen\" target=\"_blank\">Tulpen<\/a>, im Garten, deren Bl\u00fctenbl\u00e4tter sich der schwarzen Farbe stark n\u00e4hern. Aber wirklich schwarz sind auch diese Blumen nicht &#8230;<\/p>\n","protected":false},"excerpt":{"rendered":"<p>schwarze Petunien schwarze Tulpe Es ist wohl der Wunsch mancher G\u00e4rtner, schwarze Blumen zu z\u00fcchten. Aber gibt es wirklich ein reines Schwarz bei Blumen (d.h. bei den Bl\u00fctenbl\u00e4ttern)? H\u00f6rt man die Sortennamen wie \u2018Black Ball\u2019 oder \u2018Queen of the Night\u2019 oder die Bezeichnung schwarz (niger oder black), dann k\u00f6nnte man glauben, ja. Aber das ist &hellip; <a href=\"https:\/\/willizblog.de\/?p=4422\" class=\"more-link\"><span class=\"screen-reader-text\">Dunkle Gestalten im Garten<\/span> weiterlesen <span class=\"meta-nav\">&rarr;<\/span><\/a><\/p>\n","protected":false},"author":1,"featured_media":0,"comment_status":"open","ping_status":"open","sticky":false,"template":"","format":"standard","meta":[],"categories":[16],"tags":[],"_links":{"self":[{"href":"https:\/\/willizblog.de\/index.php?rest_route=\/wp\/v2\/posts\/4422"}],"collection":[{"href":"https:\/\/willizblog.de\/index.php?rest_route=\/wp\/v2\/posts"}],"about":[{"href":"https:\/\/willizblog.de\/index.php?rest_route=\/wp\/v2\/types\/post"}],"author":[{"embeddable":true,"href":"https:\/\/willizblog.de\/index.php?rest_route=\/wp\/v2\/users\/1"}],"replies":[{"embeddable":true,"href":"https:\/\/willizblog.de\/index.php?rest_route=%2Fwp%2Fv2%2Fcomments&post=4422"}],"version-history":[{"count":0,"href":"https:\/\/willizblog.de\/index.php?rest_route=\/wp\/v2\/posts\/4422\/revisions"}],"wp:attachment":[{"href":"https:\/\/willizblog.de\/index.php?rest_route=%2Fwp%2Fv2%2Fmedia&parent=4422"}],"wp:term":[{"taxonomy":"category","embeddable":true,"href":"https:\/\/willizblog.de\/index.php?rest_route=%2Fwp%2Fv2%2Fcategories&post=4422"},{"taxonomy":"post_tag","embeddable":true,"href":"https:\/\/willizblog.de\/index.php?rest_route=%2Fwp%2Fv2%2Ftags&post=4422"}],"curies":[{"name":"wp","href":"https:\/\/api.w.org\/{rel}","templated":true}]}}