{"id":443,"date":"2006-03-30T16:08:49","date_gmt":"2006-03-30T15:08:49","guid":{"rendered":"http:\/\/www.albinz.de\/blog\/?p=443"},"modified":"2006-03-31T10:43:41","modified_gmt":"2006-03-31T08:43:41","slug":"warum-der-mensch-sich-meist-zivil-benimmt","status":"publish","type":"post","link":"https:\/\/willizblog.de\/?p=443","title":{"rendered":"Warum der Mensch sich meist zivil benimmt &#8230;"},"content":{"rendered":"<p>Es ist bereits geraume Zeit her, da ich unter der Rubrik &#8218;Knisterndes&#8216; aus Eckhard Henscheids <a title=\"Henscheids Bischof\" href=\"https:\/\/www.willizblog.de\/?p=225\">&#8218;M\u00e4tresse des Bischofs&#8216;<\/a> zitiert habe. Das war nat\u00fcrlich geschmacklich Entglittenes, zumal besagter Bischof inzwischen zum Papst aufgestiegen ist. Hier nun doch etwas weniger Anr\u00fcchiges, ja eher geradezu Philosophisches aus gleichem Buch, das ich mich w\u00e4hne, endlich zu Ende zu lesen:<\/p>\n<table cellspacing=\"0\" cellpadding=\"5\" width=\"100%\" border=\"0\">\n<tr>\n<td style=\"width: 50%\">\n<p align=\"center\"><img title=\"Ju-bi-la-te (F. W. Bernstein) zu Henscheids Bischof\" alt=\"Ju-bi-la-te (F. W. Bernstein) zu Henscheids Bischof\" src=\"https:\/\/www.willizblog.de\/albpics\/henscheid_bernstein.jpg\" \/><\/p>\n<\/td>\n<td style=\"width: 50%\"><font face=\"Lucida Grande, Lucida Sans Unicode, Verdana, sans-serif\" size=\"2\">Was aber Alwin bzw. die Kurmusik bzw. das Weizenbier betrifft: Nach wie vor ist ja g\u00e4nzlich ungekl\u00e4rt, auch nach Schopenhauers Preisschrift, warum der Mensch sich meist zivil benimmt und nicht vielmehr tagein-tagaus alles Sicht- und Greifbare zusammenschl\u00e4gt, die Wohnung zernichtet, die Sekret\u00e4rin oder die Nichte \u00fcberw\u00e4ltigt, unsere Kur-Combo, den eigenen Super-Autopark. Ungekl\u00e4rt ist, warum es noch immer Dinge gibt wie Vertrauen, Kreditw\u00fcrdigkeit, R\u00fccksicht, formvolle Beerdigungen mit ehrenden Zeilen. Die Juristen schieben es &#8211; dumm! &#8211; auf das angeborene Rechtsempfinden, die \u00c4rzte meines Wissens auf das Tr\u00e4gheitssyndrom &#8211; wir Chemiker &#8230; oder besser ich pers\u00f6nlich neige doch immer mehr und allen fr\u00fcher ge\u00e4u\u00dferten Reserven zum Trotz zur &#8211; Theorie der Sicherung durch Weizenbier! Die allgemeinen unordentlichen Zust\u00e4nde verlangen halt, zumal bei haltlosen Naturen, nach seinem kontinuierlichen Einsaugen, dadurch erh\u00f6ht sich zwar in n\u00e4chster Instanz vor\u00fcbergehend die Unordnung, und es w\u00fcrde alles ganz verheerend, also mu\u00df schnell ein neues Weizenbier eingef\u00fchrt werden &#8211; und die Zivilisation bleibt konstant und mit ihr die Vision ewiger Seligkeit. Da\u00df Alwin trotzdem den 2 Meter-03-Wirt Demuth im Weizentaumel zusammenschlug, bleibt Ausnahme, die die Regel best\u00e4tigt.<\/font><\/p>\n<p><font face=\"Lucida Grande, Lucida Sans Unicode, Verdana, sans-serif\" size=\"2\">aus: Eckhard Henscheid &#8211; Die M\u00e4tresse des Bischofs<br \/>\n(mit Zeichnungen von F. W. Bernstein)\u00a0\u00a0 <\/font><font face=\"Lucida Grande, Lucida Sans Unicode, Verdana, sans-serif\" size=\"2\">\u00a0<\/p>\n<p>\u00a0<\/p>\n<p \/><\/font><\/td>\n<\/tr>\n<\/table>\n","protected":false},"excerpt":{"rendered":"<p>Es ist bereits geraume Zeit her, da ich unter der Rubrik &#8218;Knisterndes&#8216; aus Eckhard Henscheids &#8218;M\u00e4tresse des Bischofs&#8216; zitiert habe. Das war nat\u00fcrlich geschmacklich Entglittenes, zumal besagter Bischof inzwischen zum Papst aufgestiegen ist. Hier nun doch etwas weniger Anr\u00fcchiges, ja eher geradezu Philosophisches aus gleichem Buch, das ich mich w\u00e4hne, endlich zu Ende zu lesen: &hellip; <a href=\"https:\/\/willizblog.de\/?p=443\" class=\"more-link\"><span class=\"screen-reader-text\">Warum der Mensch sich meist zivil benimmt &#8230;<\/span> weiterlesen <span class=\"meta-nav\">&rarr;<\/span><\/a><\/p>\n","protected":false},"author":1,"featured_media":0,"comment_status":"closed","ping_status":"closed","sticky":false,"template":"","format":"standard","meta":[],"categories":[14],"tags":[],"_links":{"self":[{"href":"https:\/\/willizblog.de\/index.php?rest_route=\/wp\/v2\/posts\/443"}],"collection":[{"href":"https:\/\/willizblog.de\/index.php?rest_route=\/wp\/v2\/posts"}],"about":[{"href":"https:\/\/willizblog.de\/index.php?rest_route=\/wp\/v2\/types\/post"}],"author":[{"embeddable":true,"href":"https:\/\/willizblog.de\/index.php?rest_route=\/wp\/v2\/users\/1"}],"replies":[{"embeddable":true,"href":"https:\/\/willizblog.de\/index.php?rest_route=%2Fwp%2Fv2%2Fcomments&post=443"}],"version-history":[{"count":0,"href":"https:\/\/willizblog.de\/index.php?rest_route=\/wp\/v2\/posts\/443\/revisions"}],"wp:attachment":[{"href":"https:\/\/willizblog.de\/index.php?rest_route=%2Fwp%2Fv2%2Fmedia&parent=443"}],"wp:term":[{"taxonomy":"category","embeddable":true,"href":"https:\/\/willizblog.de\/index.php?rest_route=%2Fwp%2Fv2%2Fcategories&post=443"},{"taxonomy":"post_tag","embeddable":true,"href":"https:\/\/willizblog.de\/index.php?rest_route=%2Fwp%2Fv2%2Ftags&post=443"}],"curies":[{"name":"wp","href":"https:\/\/api.w.org\/{rel}","templated":true}]}}