{"id":4435,"date":"2011-05-13T09:17:15","date_gmt":"2011-05-13T08:17:15","guid":{"rendered":"http:\/\/www.willizblog.de\/?p=4435"},"modified":"2011-05-12T11:40:17","modified_gmt":"2011-05-12T10:40:17","slug":"blendender-suden","status":"publish","type":"post","link":"https:\/\/willizblog.de\/?p=4435","title":{"rendered":"Blendender S\u00fcden"},"content":{"rendered":"<p>Die Sonne steht mittags am h\u00f6chsten \u2013 im S\u00fcden. Blendende Sonne. Blendender S\u00fcden k\u00f6nnte man gleichwohl sagen. Und blendende Menschen, die in Deutschlands S\u00fcden wohnen. Bekannt sind unsere S\u00fcdl\u00e4nd(l)er nicht nur daf\u00fcr, dass sie alles k\u00f6nnen (au\u00dfer Hochdeutsch \u2013 das gilt nicht nur f\u00fcr unsere Mitb\u00fcrger in Baden-W\u00fcrttemberg, das gilt gleicherma\u00dfen f\u00fcr die Bayern), nein, sie begreifen alles besser und das fr\u00fch, wie die bisherigen <a href=\"https:\/\/de.wikipedia.org\/wiki\/PISA-Studien\" target=\"_blank\">PISA-Studien<\/a> im nationalen Vergleich zeigen. Woher mag das kommen?<\/p>\n<p>Sind Bayern, die Badener (oder sagt man doch Badenser?) und W\u00fcrttemberger etwa so viel schlauer als die Menschen n\u00f6rdlich des Mains (Wei\u00dfwurst\u00e4quators)? Ich vermute, nein! Die k\u00f6nnen nur besser \u201aabschreiben\u2019. Nach dem <a href=\"https:\/\/www.willizblog.de\/?p=3991\" target=\"_blank\">Freiherrn zu Guttenberg<\/a> hat es nun <a href=\"http:\/\/www.spiegel.de\/unispiegel\/studium\/0,1518,761849,00.html\" target=\"_blank\">Veronica Sa\u00df<\/a>, die Tochter des ehemaligen bayerischen Ministerpr\u00e4sidenten Edmund Stoiber (CSU), erwischt: auch sie muss auf ihren Doktortitel verzichten. Am Dienstagnachmittag hat die Universit\u00e4t Konstanz ihr diesen akademischen Grad entzogen. Okay, auch in etwas n\u00f6rdlicheren Gefilden wird geschummelt: Ex-FDP-Hoffnung <a href=\"http:\/\/www.heute.de\/ZDFheute\/inhalt\/26\/0,3672,8238458,00.html\" target=\"_blank\">Silvana Koch-Mehrin<\/a> wurde zu einer Stellungnahme von der Universit\u00e4t Heidelberg aufgefordert. Ihre Doktorarbeit enthalte offensichtlich zuviel nicht kenntlich gemachtes \u201eFremddenken\u201c. \u00dcbrigens, Heidelberg mit seiner Uni liegt wiederum weiter s\u00fcdlich.<\/p>\n<p>Ich will hier keine alte So\u00dfe aufw\u00e4rmen (Plagiat-Thema). Was mich zu diesem Beitrag verleitet hat, sind pers\u00f6nliche Erfahrungen. Mein Arbeitgeber unterh\u00e4lt neben dem Standort in Hamburg auch einen in M\u00fcnchen. Bisher hatte jeder sein eigenes S\u00fcppchen gekocht. Nun m\u00fcssen wir vermehrt zusammenarbeiten. Auch unsere Abteilung. Wenn jeder seinen Teil dazu beitr\u00e4gt, ist das okay. Aber die M\u00fcnchner Kollegen haben das Geschick, uns jetzt auch ihren Kram aufzuhalsen. Und schm\u00fccken sich nach au\u00dfen gern mit fremden (unseren) Federn.<\/p>\n<p>Ja, der blendende S\u00fcden. Und seine <strong>uns<\/strong> blendenden Menschen.<\/p>\n","protected":false},"excerpt":{"rendered":"<p>Die Sonne steht mittags am h\u00f6chsten \u2013 im S\u00fcden. Blendende Sonne. Blendender S\u00fcden k\u00f6nnte man gleichwohl sagen. Und blendende Menschen, die in Deutschlands S\u00fcden wohnen. Bekannt sind unsere S\u00fcdl\u00e4nd(l)er nicht nur daf\u00fcr, dass sie alles k\u00f6nnen (au\u00dfer Hochdeutsch \u2013 das gilt nicht nur f\u00fcr unsere Mitb\u00fcrger in Baden-W\u00fcrttemberg, das gilt gleicherma\u00dfen f\u00fcr die Bayern), nein, &hellip; <a href=\"https:\/\/willizblog.de\/?p=4435\" class=\"more-link\"><span class=\"screen-reader-text\">Blendender S\u00fcden<\/span> weiterlesen <span class=\"meta-nav\">&rarr;<\/span><\/a><\/p>\n","protected":false},"author":1,"featured_media":0,"comment_status":"open","ping_status":"open","sticky":false,"template":"","format":"standard","meta":[],"categories":[12,2],"tags":[],"_links":{"self":[{"href":"https:\/\/willizblog.de\/index.php?rest_route=\/wp\/v2\/posts\/4435"}],"collection":[{"href":"https:\/\/willizblog.de\/index.php?rest_route=\/wp\/v2\/posts"}],"about":[{"href":"https:\/\/willizblog.de\/index.php?rest_route=\/wp\/v2\/types\/post"}],"author":[{"embeddable":true,"href":"https:\/\/willizblog.de\/index.php?rest_route=\/wp\/v2\/users\/1"}],"replies":[{"embeddable":true,"href":"https:\/\/willizblog.de\/index.php?rest_route=%2Fwp%2Fv2%2Fcomments&post=4435"}],"version-history":[{"count":0,"href":"https:\/\/willizblog.de\/index.php?rest_route=\/wp\/v2\/posts\/4435\/revisions"}],"wp:attachment":[{"href":"https:\/\/willizblog.de\/index.php?rest_route=%2Fwp%2Fv2%2Fmedia&parent=4435"}],"wp:term":[{"taxonomy":"category","embeddable":true,"href":"https:\/\/willizblog.de\/index.php?rest_route=%2Fwp%2Fv2%2Fcategories&post=4435"},{"taxonomy":"post_tag","embeddable":true,"href":"https:\/\/willizblog.de\/index.php?rest_route=%2Fwp%2Fv2%2Ftags&post=4435"}],"curies":[{"name":"wp","href":"https:\/\/api.w.org\/{rel}","templated":true}]}}