{"id":4449,"date":"2011-05-15T10:38:56","date_gmt":"2011-05-15T09:38:56","guid":{"rendered":"http:\/\/www.willizblog.de\/?p=4449"},"modified":"2011-05-13T08:44:13","modified_gmt":"2011-05-13T07:44:13","slug":"vergessene-stucke-7-thomas-brasch-mercedes","status":"publish","type":"post","link":"https:\/\/willizblog.de\/?p=4449","title":{"rendered":"Vergessene St\u00fccke (7): Thomas Brasch &#8211; Mercedes"},"content":{"rendered":"<p><a href=\"https:\/\/de.wikipedia.org\/wiki\/Thomas_Brasch\" target=\"_blank\">Thomas Brasch<\/a> (* 19. Februar 1945 in Westow\/Yorkshire; \u2020 3. November 2001 in Berlin) war ein deutscher Schriftsteller, Dramatiker, Drehbuchautor, Regisseur und Lyriker. Sein Theaterst\u00fcck <a href=\"http:\/\/www.suhrkamp.de\/theater_medien\/mercedes-thomas_brasch_100854.html\" target=\"_blank\">Mercedes<\/a> &#8211; F\u00fcr Caspar L \u2013 wurde am 07.11.1983 in der Regie von Matthias Langhoff am Schauspielhaus Z\u00fcrich uraufgef\u00fchrt.<\/p>\n<p><em>\u201e\u201aMercedes\u2019 &#8211; symboltr\u00e4chtiges Auto und Name der heiligen Maria von der Gnade der Gefangenenbefreiung. Das St\u00fcck des vielseitigen und experimentierfreudigen Autors Thomas Brasch (1945 &#8211; 2001) oszilliert zwischen Irrsinn und Groteske, Traum und Trauma, Poesie und Klamauk, Drogenwahn und Alltag, Diesseits und Jenseits, Oi und Sakko, Mercedes und Mercedes. Von \u201aA\u2019 wie \u201aArbeit\u2019 bis \u201aZ\u2019 wie \u201aZuni-Indianer\u2019: \u201aMercedes\u2019 ist ein Verwirr- und Assoziationsspiel \u00fcber den allt\u00e4glichen Wahnsinn.\u201c<\/em> (Quelle: <a href=\"http:\/\/www.theaterportal.de\/detail_stueck?pident=465901\" target=\"_blank\">www.theaterportal.de<\/a>)<\/p>\n<p><strong>Personen:<\/strong><br \/>\n<strong>Oi<\/strong> (sie) und <strong>Sakko<\/strong> (er), eine Zufallsbekanntschaft, sie Gelegenheitsnutte, er arbeitslos, sind die \u00bbVersuchspersonen\u00ab.<br \/>\n<strong>Mann im Auto<\/strong><\/p>\n<p>Das St\u00fcck spielt an keinem bestimmten Ort und entwickelt keine Handlung.<br \/>\nEin St\u00fcck \u00fcber freie Zeit, unsere Zeit und Arbeitslosigkeit.<\/p>\n<p><iframe loading=\"lazy\" width=\"425\" height=\"349\" src=\"https:\/\/www.youtube.com\/embed\/TXIVOUnLFG8\" frameborder=\"0\" allowfullscreen><\/iframe><br \/>\n<a href=\"https:\/\/www.youtube.com\/watch?v=TXIVOUnLFG8\" target=\"_blank\">MERCEDES<\/a> VON THOMAS BRASCH <\/p>\n<p><em>Ratlos die Worte, die sie einander wechseln, leer die Gedanken, die sie einander verschweigen &#8230; und erkennen einander nicht mehr &#8230; nennen <a href=\"https:\/\/de.wikipedia.org\/wiki\/Stech%C3%A4pfel\" target=\"_blank\">Datura<\/a> das Kraut oder Stechapfel, das ihnen schafft eine andre Zeit<\/em><\/p>\n<p>(in: 6 Zeitverschiebung &#8211; S. 233 \u2013 Ausgabe: <a href=\"https:\/\/www.amazon.de\/gp\/product\/B004JJU5Y4\/ref=as_li_tf_tl?ie=UTF8&#038;tag=familiealbin-21&#038;linkCode=as2&#038;camp=1638&#038;creative=6742&#038;creativeASIN=B004JJU5Y4\" target=\"_blank\"><strong>Theater heute<\/strong><\/a><img loading=\"lazy\" src=\"https:\/\/www.assoc-amazon.de\/e\/ir?t=familiealbin-21&#038;l=as2&#038;o=3&#038;a=B004JJU5Y4\" width=\"1\" height=\"1\" border=\"0\" alt=\"\" style=\"border:none !important; margin:0px !important;\" \/> &#8211; suhrkamp taschenbuch 1190 \u2013 1. Auflage 1985)<\/p>\n<p>Das St\u00fcck ist experimentell und zeitgebunden. Wir begegnen einem jungen, arbeitslosen Paar in der achtziger Jahren, der Zeit des Punk und von <a href=\"https:\/\/de.wikipedia.org\/wiki\/No_Future\" target=\"_blank\">No Future<\/a>. Brasch bereitet diese Zeit sehr symboll\u00e4stig auf, wobei der \u201aMercedes\u2019 als Statussymbol f\u00fcr Reichtum steht, anst\u00f6\u00dfig und zur Gewalt herausfordernd. Das Experiment erfolgt in verschiedenen Versuchsreihen, in denen das Paar, Sakko und Oi, die Versuchspersonen sind:<\/p>\n<p><em>\u201eEin Mann und eine Frau begegnen sich auf der Stra\u00dfe. Sie sind arbeitslos, sie haben viel Zeit &#8211; zum Beispiel, um sich f\u00fcreinander zu interessieren. Aber das Gespr\u00e4ch kommt nur schwer \u00fcber den Austausch von ange\u00f6deten No-Future-Parolen hinaus. \u00dcber sich wirklich reden k\u00f6nnen sie nur, wenn sie sich andere Rollen vorspielen, ein anderes Leben zusammenphantasieren. Der Mann, der sich Sakko nennt, tr\u00e4umt sich zur\u00fcck in sein Funktionieren in der Arbeit, in der er gebraucht wurde und seinen Platz hatte. Die Frau, die sich Oi nennt, setzt ihre Sehnsucht um in anarchische, vielleicht kriminelle Energie. Fast sieht es so aus, als gel\u00e4nge es ihr, Sakko anzustecken; fast sieht es so aus, als w\u00fcrde auf dem Umweg \u00fcber das immer enthemmtere Spiel f\u00fcr die zwei gestrandeten Einzelnen etwas m\u00f6glich, was in der stupiden Realit\u00e4t nicht zustande kommt: N\u00e4he.\u201c<\/em> (Quelle: <a href=\"http:\/\/www.theatertexte.de\/data\/suhrkamp_verlag\/4506533\/show\" target=\"_blank\">theatertexte.de<\/a>)<\/p>\n<p>Gedichte, St\u00fccke und mehr von <a href=\"https:\/\/www.amazon.de\/gp\/search?ie=UTF8&#038;keywords=thomas%20brasch&#038;tag=familiealbin-21&#038;index=books&#038;linkCode=ur2&#038;camp=1638&#038;creative=6742\" target=\"_blank\"><strong>Thomas Brasch<\/strong><\/a><img loading=\"lazy\" src=\"https:\/\/www.assoc-amazon.de\/e\/ir?t=familiealbin-21&#038;l=ur2&#038;o=3\" width=\"1\" height=\"1\" border=\"0\" alt=\"\" style=\"border:none !important; margin:0px !important;\" \/><\/p>\n","protected":false},"excerpt":{"rendered":"<p>Thomas Brasch (* 19. Februar 1945 in Westow\/Yorkshire; \u2020 3. November 2001 in Berlin) war ein deutscher Schriftsteller, Dramatiker, Drehbuchautor, Regisseur und Lyriker. Sein Theaterst\u00fcck Mercedes &#8211; F\u00fcr Caspar L \u2013 wurde am 07.11.1983 in der Regie von Matthias Langhoff am Schauspielhaus Z\u00fcrich uraufgef\u00fchrt. \u201e\u201aMercedes\u2019 &#8211; symboltr\u00e4chtiges Auto und Name der heiligen Maria von der &hellip; <a href=\"https:\/\/willizblog.de\/?p=4449\" class=\"more-link\"><span class=\"screen-reader-text\">Vergessene St\u00fccke (7): Thomas Brasch &#8211; Mercedes<\/span> weiterlesen <span class=\"meta-nav\">&rarr;<\/span><\/a><\/p>\n","protected":false},"author":1,"featured_media":0,"comment_status":"open","ping_status":"open","sticky":false,"template":"","format":"standard","meta":[],"categories":[14],"tags":[],"_links":{"self":[{"href":"https:\/\/willizblog.de\/index.php?rest_route=\/wp\/v2\/posts\/4449"}],"collection":[{"href":"https:\/\/willizblog.de\/index.php?rest_route=\/wp\/v2\/posts"}],"about":[{"href":"https:\/\/willizblog.de\/index.php?rest_route=\/wp\/v2\/types\/post"}],"author":[{"embeddable":true,"href":"https:\/\/willizblog.de\/index.php?rest_route=\/wp\/v2\/users\/1"}],"replies":[{"embeddable":true,"href":"https:\/\/willizblog.de\/index.php?rest_route=%2Fwp%2Fv2%2Fcomments&post=4449"}],"version-history":[{"count":0,"href":"https:\/\/willizblog.de\/index.php?rest_route=\/wp\/v2\/posts\/4449\/revisions"}],"wp:attachment":[{"href":"https:\/\/willizblog.de\/index.php?rest_route=%2Fwp%2Fv2%2Fmedia&parent=4449"}],"wp:term":[{"taxonomy":"category","embeddable":true,"href":"https:\/\/willizblog.de\/index.php?rest_route=%2Fwp%2Fv2%2Fcategories&post=4449"},{"taxonomy":"post_tag","embeddable":true,"href":"https:\/\/willizblog.de\/index.php?rest_route=%2Fwp%2Fv2%2Ftags&post=4449"}],"curies":[{"name":"wp","href":"https:\/\/api.w.org\/{rel}","templated":true}]}}