{"id":445,"date":"2006-04-01T08:08:51","date_gmt":"2006-04-01T06:08:51","guid":{"rendered":"http:\/\/www.albinz.de\/blog\/?p=445"},"modified":"2006-03-29T08:16:04","modified_gmt":"2006-03-29T06:16:04","slug":"jans-kalenderblatt-april-2006","status":"publish","type":"post","link":"https:\/\/willizblog.de\/?p=445","title":{"rendered":"Jans Kalenderblatt: April 2006"},"content":{"rendered":"<p>Klar,in diesem Jahr f\u00e4llt das Osterfest in den April. Daher hoppelt auch ein Osterhase \u00fcber das Kalenderblatt von Jan. Oder spielt der Hase etwa Bowling mit den Ostereiern? Zumindest verr\u00e4t der Hase eine gewisse Ratlosigkeit &#8230; Aber auch das ist Interpretationssache:<\/p>\n<p>\u00a0<img title=\"Jans Kalenderblatt April 2006\" alt=\"Jans Kalenderblatt April 2006\" src=\"https:\/\/www.willizblog.de\/albpics\/jans_kalender_2006_04.jpg\" \/><\/p>\n","protected":false},"excerpt":{"rendered":"<p>Klar,in diesem Jahr f\u00e4llt das Osterfest in den April. Daher hoppelt auch ein Osterhase \u00fcber das Kalenderblatt von Jan. Oder spielt der Hase etwa Bowling mit den Ostereiern? Zumindest verr\u00e4t der Hase eine gewisse Ratlosigkeit &#8230; Aber auch das ist Interpretationssache: \u00a0<\/p>\n","protected":false},"author":1,"featured_media":0,"comment_status":"closed","ping_status":"closed","sticky":false,"template":"","format":"standard","meta":[],"categories":[37],"tags":[],"_links":{"self":[{"href":"https:\/\/willizblog.de\/index.php?rest_route=\/wp\/v2\/posts\/445"}],"collection":[{"href":"https:\/\/willizblog.de\/index.php?rest_route=\/wp\/v2\/posts"}],"about":[{"href":"https:\/\/willizblog.de\/index.php?rest_route=\/wp\/v2\/types\/post"}],"author":[{"embeddable":true,"href":"https:\/\/willizblog.de\/index.php?rest_route=\/wp\/v2\/users\/1"}],"replies":[{"embeddable":true,"href":"https:\/\/willizblog.de\/index.php?rest_route=%2Fwp%2Fv2%2Fcomments&post=445"}],"version-history":[{"count":0,"href":"https:\/\/willizblog.de\/index.php?rest_route=\/wp\/v2\/posts\/445\/revisions"}],"wp:attachment":[{"href":"https:\/\/willizblog.de\/index.php?rest_route=%2Fwp%2Fv2%2Fmedia&parent=445"}],"wp:term":[{"taxonomy":"category","embeddable":true,"href":"https:\/\/willizblog.de\/index.php?rest_route=%2Fwp%2Fv2%2Fcategories&post=445"},{"taxonomy":"post_tag","embeddable":true,"href":"https:\/\/willizblog.de\/index.php?rest_route=%2Fwp%2Fv2%2Ftags&post=445"}],"curies":[{"name":"wp","href":"https:\/\/api.w.org\/{rel}","templated":true}]}}