{"id":4452,"date":"2011-05-16T09:36:19","date_gmt":"2011-05-16T08:36:19","guid":{"rendered":"http:\/\/www.willizblog.de\/?p=4452"},"modified":"2011-05-16T09:38:21","modified_gmt":"2011-05-16T08:38:21","slug":"auf-ein-neues","status":"publish","type":"post","link":"https:\/\/willizblog.de\/?p=4452","title":{"rendered":"Auf ein Neues"},"content":{"rendered":"<p>Nach der Saison ist vor der Saison. Okay, das DFB-Pokalendspiel zwischen Schalke 04 und dem MSV Duisburg am Samstag, den 21. Mai, steht noch aus. Aber sonst ist die Saison gelaufen, und wie &#8230; Neben St. Pauli hat es nun doch Eintracht Frankfurt erwischt. Nachdem die Eintracht zur Halbzeit (17. Spieltag) noch auf Platz 7 mit 26 Punkten stand (am 11. Spieltag waren sie sogar vierter), steigen sie nun (trotz oder gerade wegen Christoph Daum) in die zweite Liga ab. Die Borussia aus M\u00f6nchengladbach hat nach einer Aufholjagd immerhin noch den Relegationsplatz erwischt und muss gegen den VfL Bochum beweisen, ob sie erstligatauglich ist. Mit Hertha BSC und dem neuen Gesicht FC Augsburg stehen die Aufsteiger fest.<\/p>\n<p>Werders 13. Platz ist nach 1998\/1999 die schlechteste Platzierung der Mannschaft aus Bremen. Damals hatte Thomas Schaaf kurz vor Ende der Saison die Trainingsgesch\u00e4fte von Felix Magath \u00fcbernommen und mit drei Siegen in vier Spielen (sowie dem Gewinn des DFB-Pokals gegen die Bayern) den Klassenerhalt gesichert. Was die Elf von der Weser in dieser Saison bot, war wirklich <a href=\"https:\/\/www.willizblog.de\/?p=4405\" target=\"_blank\">nur Selter statt Sekt<\/a>. Sicherlich wiegt der Abgang von Mesut \u00d6zil schwer. Und die langanhaltende Verletztenmisere (Naldo, Boenisch, oft genug auch Pizarro) konnte einfach nicht kompensiert werden.<\/p>\n<p>Aber das soll jetzt alles anders werden, besser &#8230; Das <a href=\"http:\/\/www.transfermarkt.de\/de\/statistiken\/wettbewerbe\/transfers.html\" target=\"_blank\">Transfer-Karussell<\/a> dreht sich bereits wieder kr\u00e4ftig. Und mit <a href=\"http:\/\/www.transfermarkt.de\/de\/ekici-vor-wechsel-nach-bremen\/news\/anzeigen_62446.html\" target=\"_blank\">Mehmet Ekici<\/a> von Bayern M\u00fcnchen (er war an den 1. FC N\u00fcrnberg ausgeliehen) hat Werder Bremen endlich einen Spieler an der Angel, der die unbesetzte Spielmacherposition einnehmen k\u00f6nnte. Au\u00dferdem hat man mit <a href=\"https:\/\/de.wikipedia.org\/wiki\/Predrag_Stevanovi%C4%87\" target=\"_blank\">Predrag Stevanovic<\/a>, der seit Januar 2011 bei Werder ist und zun\u00e4chst in der zweite Mannschaft Spielpraxis gesammelt hat, einen weiteren jungen Spieler f\u00fcr diese Position. Ansonsten brodelt nat\u00fcrlich auch wieder die <a href=\"http:\/\/www.transfermarkt.de\/de\/geruechtekueche\/aktuell\/geruechte.html\" target=\"_blank\">Ger\u00fcchtek\u00fcche<\/a>.<\/p>\n<p>Und sonst? Markus Rosenberg d\u00fcrfte zur\u00fcck an die Weser kommen. Daf\u00fcr sind Spieler wie Petri Pasanen und Daniel Jensen bereits verabschiedet. Der Brasilianer <a href=\"http:\/\/www.transfermarkt.de\/de\/samuel\/profil\/spieler_152167.html\" target=\"_blank\">Samuel<\/a> verl\u00e4sst Werder auch schon wieder, nachdem er kein Bein auf den Boden des Weser-Stadions bekommen hat. Bleibt Torsten Frings? Die Frage soll sich in diesen Tagen kl\u00e4ren.<\/p>\n<p>Wichtig ist ohne Zweifel, dass Leistungstr\u00e4ger wie Tim Wiese, Per Mertesacker, Claudio Pizarro (alle drei haben einen Vertrag bis 30.06.2012) und Marko Marin (Vertrag noch bis 30.06.2013 \u2013 der <a href=\"http:\/\/www.transfermarkt.de\/de\/fc-liverpool-buhlt-um-werder-profi-marin\/news\/anzeigen_62611.html\" target=\"_blank\">FC Liverpool zeigt Interesse<\/a> an ihm) gehalten werden k\u00f6nnen. Marko Arnautovic, Sandro Wagner und Wesley haben noch Vertr\u00e4ge bis zum 30.06.2014. Es ist zu hoffen, dass diese endlich die Leistung bringen, die man von ihnen erwarten kann.<\/p>\n<p>Alles in allem stehen die Zeichen nicht schlecht. Sollte wirklich Mehmet Ekici an die Weser kommen, dann k\u00f6nnte sich auch wieder der spielerische Glanz fr\u00fcherer Tage zeigen. Nat\u00fcrlich muss man dem jungen Mann zun\u00e4chst einige Zeit einr\u00e4umen. Wenn es den Spielern gelingt, endlich ihre Potential auszuspielen, dann k\u00f6nnte Werder Bremen bereits in der n\u00e4chsten Saison vielleicht nicht ganz oben, aber doch in den h\u00f6heren R\u00e4ngen mitmischen. Wir d\u00fcrfen gespannt sein.<\/p>\n<p>zdf.de: <a href=\"http:\/\/www.zdf.de\/ZDFmediathek\/content\/1335488\" target=\"_blank\">Die Elf der Saison<\/a> (Von Manuel Neuer bis Mario Gomez)<\/p>\n","protected":false},"excerpt":{"rendered":"<p>Nach der Saison ist vor der Saison. Okay, das DFB-Pokalendspiel zwischen Schalke 04 und dem MSV Duisburg am Samstag, den 21. Mai, steht noch aus. Aber sonst ist die Saison gelaufen, und wie &#8230; Neben St. Pauli hat es nun doch Eintracht Frankfurt erwischt. Nachdem die Eintracht zur Halbzeit (17. Spieltag) noch auf Platz 7 &hellip; <a href=\"https:\/\/willizblog.de\/?p=4452\" class=\"more-link\"><span class=\"screen-reader-text\">Auf ein Neues<\/span> weiterlesen <span class=\"meta-nav\">&rarr;<\/span><\/a><\/p>\n","protected":false},"author":1,"featured_media":0,"comment_status":"open","ping_status":"open","sticky":false,"template":"","format":"standard","meta":[],"categories":[27],"tags":[],"_links":{"self":[{"href":"https:\/\/willizblog.de\/index.php?rest_route=\/wp\/v2\/posts\/4452"}],"collection":[{"href":"https:\/\/willizblog.de\/index.php?rest_route=\/wp\/v2\/posts"}],"about":[{"href":"https:\/\/willizblog.de\/index.php?rest_route=\/wp\/v2\/types\/post"}],"author":[{"embeddable":true,"href":"https:\/\/willizblog.de\/index.php?rest_route=\/wp\/v2\/users\/1"}],"replies":[{"embeddable":true,"href":"https:\/\/willizblog.de\/index.php?rest_route=%2Fwp%2Fv2%2Fcomments&post=4452"}],"version-history":[{"count":0,"href":"https:\/\/willizblog.de\/index.php?rest_route=\/wp\/v2\/posts\/4452\/revisions"}],"wp:attachment":[{"href":"https:\/\/willizblog.de\/index.php?rest_route=%2Fwp%2Fv2%2Fmedia&parent=4452"}],"wp:term":[{"taxonomy":"category","embeddable":true,"href":"https:\/\/willizblog.de\/index.php?rest_route=%2Fwp%2Fv2%2Fcategories&post=4452"},{"taxonomy":"post_tag","embeddable":true,"href":"https:\/\/willizblog.de\/index.php?rest_route=%2Fwp%2Fv2%2Ftags&post=4452"}],"curies":[{"name":"wp","href":"https:\/\/api.w.org\/{rel}","templated":true}]}}