{"id":446,"date":"2006-04-02T02:05:29","date_gmt":"2006-04-02T00:05:29","guid":{"rendered":"http:\/\/www.albinz.de\/blog\/?p=446"},"modified":"2012-03-07T10:22:09","modified_gmt":"2012-03-07T09:22:09","slug":"williz-gedankenspitter-4","status":"publish","type":"post","link":"https:\/\/willizblog.de\/?p=446","title":{"rendered":"WilliZ &#8218;Gedankenspitter&#8216; (4)"},"content":{"rendered":"<p>Hier ein weiterer Gedankensplitter aus dem Juli 1983, in dem ich auff\u00fchre, was ich mag und was ich nicht so mag. Man kennt ja diese eher d\u00e4mlichen Fragebogen, die in eine \u00e4hnliche Richtung gehen. Aber \u201aman\u2019 kann durchaus ersehen, was der Beantworter zu \u00e4u\u00dfern gedenkt. Nach immerhin 23 Jahre w\u00fcrde ich heute sicherlich die Priorit\u00e4ten etwas anders setzen. Im Gro\u00dfen und Ganzen bliebe es aber doch bei vielem. Au\u00dferdem fallen Antworten dieser Art von Zeit zu Zeit nie wirklich gleich aus, denn diese sind von augenblicklichen Stimmungen abh\u00e4ngig. Aber trotzdem &#8230;:<\/p>\n<p><img title=\"aus: WilliZ Tagebuch 1983\" alt=\"aus: WilliZ Tagebuch 1983\" src=\"https:\/\/www.willizblog.de\/albpics\/tgb1983.jpg\" align=\"middle\" \/><\/p>\n<table cellspacing=\"0\" cellpadding=\"6\" width=\"100%\" border=\"0\">\n<tr>\n<td style=\"width: 50%\"><strong>Was ich mag &#8230;<\/strong><\/td>\n<td style=\"width: 50%\"><strong>Was ich nicht mag &#8230;<\/strong><\/td>\n<\/tr>\n<tr>\n<td style=\"width: 50%\">Fast jede Art von Musik, besonders aber Folk und Barockmusik (Bach, H\u00e4ndel usw.); die ersten Schallplatten von Joan Armatrading; \u201eBourree\u201c von Jethro Tull; Raggae; kahle Landschaften; Sonne; Wehmut im Herbst; Kafka; Camus\u2019 Dramen; Prag und Berlin; das ausdrucksstarke, wandlungsf\u00e4hige Gesicht einer Frau\/eines M\u00e4dchens; Gef\u00fchle; Natur und Nat\u00fcrlichkeit (besonders bei Frauen); Besinnung und Sinnlichkeit; Frieden und Freiheit; indische K\u00fcche; b\u00fcrgerliche K\u00fcche (das einzig B\u00fcrgerliche, das ich liebe); Menschen, Kinder, Liebe; seine \u00c4ngste zeigen; Leben und Tod; den Zwiespalt der menschlichen Seele (oder wie Goethe sagt: die zwei Seelen in der Brust); Glauben (auch wenn ich nicht glaube &#8230;); Hoffnung; Menschlichkeit (nicht Mitleid!); Erz\u00e4hlungen von Hermann Hesse; Gl\u00fcck(lichsein); sich selbst lieben (auch wenn ich es <u>nicht<\/u> kann); Humor; Z\u00e4rtlichkeit; die zarte Haut eines M\u00e4dchens; Empfindlichkeit und Zartgef\u00fchl (auch wenn es manchmal negative Folgen hat); Po; Freude, vor allem, wenn man anderen noch eine Freude machen kann; Anspruchslosigkeit, die Freude dennoch kennt; W\u00e4rme; Schlafen und Tr\u00e4umenk\u00f6nnen; franz\u00f6sische Filme, besonders Krimis (Truffaut und Chabrol); Anderssein, auch Perversion (soweit es keinen anderen schadet); die Nacht; Anarchie; Minderheiten; Schottland; Spanien; Marokko; die deutsche Sprache; Kultur (wenn sie nicht unterdr\u00fcckt); und alles Sch\u00f6ne &#8230;<\/td>\n<td style=\"width: 50%\">Sich vermarkten m\u00fcssen, um leben zu k\u00f6nnen; Krieg, \u00fcberhaupt jede brutal-gewaltt\u00e4tige Auseinandersetzung zwischen Menschen; Geld; Macht, die keine Grenzen kennt; R\u00fccksichtslosigkeit; Kosmetik, besonders Make-up, das die nat\u00fcrliche Ausstrahlung einer Frau \u201e\u00fcbert\u00fcncht\u201c; Atomenergie (weil sie nicht zu \u201eb\u00e4ndigen\u201c ist); Grenzen und Schranken; Vorurteile (auch oder gerade weil ich viele habe); Angst, besonders meine (im Grunde unbegr\u00fcndete) Angst (Existenzangst); Abh\u00e4ngigkeit (ob von Geld, Drogen oder Menschen); Ideologien und Eingleisigkeit; Schmerzen zu haben; Standpunkte und Prinzipien (m\u00f6gen sie noch so <u>gut<\/u> sein, weil es meist nur \u201eEntschuldigungen\u201c sind); Humorlosigkeit (zuviel Ernst, auch wenn ich oft zu ernst bin); Grobheit; Dummheit, aber auch zu viel\u00a0<br \/>\nIntellektualismus\/Intellektualit\u00e4t (was der Dummheit gleichkommt); Freundlosigkeit; alles erkl\u00e4ren zu m\u00fcssen; K\u00e4lte (au\u00dfer wei\u00dfe Schneelandschaften); graue Wolken; zu realistisch sein; amerikanische Krimiserien; Gleichschalterei; Schuld; Menschenmengen (Massen); Diktatur (auch die Diktatur der Mehrheit = Demokratie genannt, die Minderheiten unterdr\u00fcckt!); Zivilisation (wenn sie unterdr\u00fcckt); und alles H\u00e4ssliche im Menschsein ..<\/td>\n<\/tr>\n<\/table>\n","protected":false},"excerpt":{"rendered":"<p>Hier ein weiterer Gedankensplitter aus dem Juli 1983, in dem ich auff\u00fchre, was ich mag und was ich nicht so mag. Man kennt ja diese eher d\u00e4mlichen Fragebogen, die in eine \u00e4hnliche Richtung gehen. Aber \u201aman\u2019 kann durchaus ersehen, was der Beantworter zu \u00e4u\u00dfern gedenkt. Nach immerhin 23 Jahre w\u00fcrde ich heute sicherlich die Priorit\u00e4ten &hellip; <a href=\"https:\/\/willizblog.de\/?p=446\" class=\"more-link\"><span class=\"screen-reader-text\">WilliZ &#8218;Gedankenspitter&#8216; (4)<\/span> weiterlesen <span class=\"meta-nav\">&rarr;<\/span><\/a><\/p>\n","protected":false},"author":1,"featured_media":0,"comment_status":"closed","ping_status":"closed","sticky":false,"template":"","format":"standard","meta":[],"categories":[30],"tags":[],"_links":{"self":[{"href":"https:\/\/willizblog.de\/index.php?rest_route=\/wp\/v2\/posts\/446"}],"collection":[{"href":"https:\/\/willizblog.de\/index.php?rest_route=\/wp\/v2\/posts"}],"about":[{"href":"https:\/\/willizblog.de\/index.php?rest_route=\/wp\/v2\/types\/post"}],"author":[{"embeddable":true,"href":"https:\/\/willizblog.de\/index.php?rest_route=\/wp\/v2\/users\/1"}],"replies":[{"embeddable":true,"href":"https:\/\/willizblog.de\/index.php?rest_route=%2Fwp%2Fv2%2Fcomments&post=446"}],"version-history":[{"count":0,"href":"https:\/\/willizblog.de\/index.php?rest_route=\/wp\/v2\/posts\/446\/revisions"}],"wp:attachment":[{"href":"https:\/\/willizblog.de\/index.php?rest_route=%2Fwp%2Fv2%2Fmedia&parent=446"}],"wp:term":[{"taxonomy":"category","embeddable":true,"href":"https:\/\/willizblog.de\/index.php?rest_route=%2Fwp%2Fv2%2Fcategories&post=446"},{"taxonomy":"post_tag","embeddable":true,"href":"https:\/\/willizblog.de\/index.php?rest_route=%2Fwp%2Fv2%2Ftags&post=446"}],"curies":[{"name":"wp","href":"https:\/\/api.w.org\/{rel}","templated":true}]}}