{"id":447,"date":"2006-04-04T04:41:27","date_gmt":"2006-04-04T02:41:27","guid":{"rendered":"http:\/\/www.albinz.de\/blog\/?p=447"},"modified":"2006-07-06T15:31:17","modified_gmt":"2006-07-06T13:31:17","slug":"nachrichten-auf-bildzeitungsniveau-2","status":"publish","type":"post","link":"https:\/\/willizblog.de\/?p=447","title":{"rendered":"Nachrichten auf Bildzeitungsniveau (2)"},"content":{"rendered":"<table cellspacing=\"0\" cellpadding=\"6\" width=\"90%\" border=\"0\">\n<tr>\n<td style=\"width: 75%\"><font face=\"verdana, arial, sans-serif\" color=\"#ff0000\" size=\"4\">Skandal um dem Papst vor Aufl\u00f6sung!<\/font><\/td>\n<td style=\"width: 25%\"><img loading=\"lazy\" height=\"73\" alt=\"Wild-Zeitung\" src=\"https:\/\/www.willizblog.de\/albpics\/bildzeitung.gif\" width=\"117\" border=\"0\" \/><\/td>\n<\/tr>\n<tr>\n<td style=\"width: 100%\" colspan=\"2\"><font face=\"verdana, arial, sans-serif\" size=\"6\">Dem Papst auf der Spur<\/font><\/td>\n<\/tr>\n<tr>\n<td style=\"width: 100%\" colspan=\"2\">\n<p align=\"center\"><img loading=\"lazy\" height=\"250\" alt=\"So ein Schei\u00df'!\" src=\"https:\/\/www.willizblog.de\/albpics\/papst_kacke.jpg\" width=\"250\" border=\"0\" \/><\/p>\n<\/td>\n<\/tr>\n<tr>\n<td style=\"width: 100%\" colspan=\"2\"><font face=\"verdana, arial, sans-serif\" size=\"2\"><a href=\"https:\/\/www.willizblog.de\/?p=417\" target=\"_blank\">Wie berichtet<\/a> wurde der Papst bei Verrichtung seines Gesch\u00e4fts von einer Schar Gl\u00e4ubiger (die glauben, nicht, bei denen der Papst in der Kreide steht) mit nacktem Hintern gesichtet. Wie zun\u00e4chst angenommen, hatte dieser seine Spuren durch Sp\u00fclen beseitigen k\u00f6nnen. Jetzt wurde in einer im Dunklen liegenden Ecke doch ein un\u00fcberriechbares Indiz der p\u00e4pstlichen Ruchlosigkeit gefunden.<\/font><\/p>\n<p><font face=\"verdana, arial, sans-serif\" size=\"2\"><strong>Ehem:<\/strong> <em>Genug des kindischen Benehmens! Nat\u00fcrlich handelt es sich auf dem Bild nicht im einen Haufen menschlicher Exkremente, auch nicht um eine tierische Tretmine, sondern um das t\u00f6pferische Werk meines gro\u00dfen Sohnes Jan. Es stinkt also nicht, ist lediglich aus Ton, befindet sich aber auf unserer G\u00e4stetoilette (als eines von mehreren Schockelementen f\u00fcr unbedarfte Besucher unseres Hauses). Es gibt noch weitere dieser phantasievollen, gebrannten T\u00f6pfersachen, wenn diese auch weniger &#8218;absto\u00dfend&#8216; sein d\u00fcrften (vielleicht sp\u00e4ter mehr).<br \/>\n\u00a0<\/em> <\/font><\/td>\n<\/tr>\n<\/table>\n","protected":false},"excerpt":{"rendered":"<p>Skandal um dem Papst vor Aufl\u00f6sung! Dem Papst auf der Spur Wie berichtet wurde der Papst bei Verrichtung seines Gesch\u00e4fts von einer Schar Gl\u00e4ubiger (die glauben, nicht, bei denen der Papst in der Kreide steht) mit nacktem Hintern gesichtet. Wie zun\u00e4chst angenommen, hatte dieser seine Spuren durch Sp\u00fclen beseitigen k\u00f6nnen. Jetzt wurde in einer im &hellip; <a href=\"https:\/\/willizblog.de\/?p=447\" class=\"more-link\"><span class=\"screen-reader-text\">Nachrichten auf Bildzeitungsniveau (2)<\/span> weiterlesen <span class=\"meta-nav\">&rarr;<\/span><\/a><\/p>\n","protected":false},"author":1,"featured_media":0,"comment_status":"closed","ping_status":"closed","sticky":false,"template":"","format":"standard","meta":[],"categories":[42],"tags":[],"_links":{"self":[{"href":"https:\/\/willizblog.de\/index.php?rest_route=\/wp\/v2\/posts\/447"}],"collection":[{"href":"https:\/\/willizblog.de\/index.php?rest_route=\/wp\/v2\/posts"}],"about":[{"href":"https:\/\/willizblog.de\/index.php?rest_route=\/wp\/v2\/types\/post"}],"author":[{"embeddable":true,"href":"https:\/\/willizblog.de\/index.php?rest_route=\/wp\/v2\/users\/1"}],"replies":[{"embeddable":true,"href":"https:\/\/willizblog.de\/index.php?rest_route=%2Fwp%2Fv2%2Fcomments&post=447"}],"version-history":[{"count":0,"href":"https:\/\/willizblog.de\/index.php?rest_route=\/wp\/v2\/posts\/447\/revisions"}],"wp:attachment":[{"href":"https:\/\/willizblog.de\/index.php?rest_route=%2Fwp%2Fv2%2Fmedia&parent=447"}],"wp:term":[{"taxonomy":"category","embeddable":true,"href":"https:\/\/willizblog.de\/index.php?rest_route=%2Fwp%2Fv2%2Fcategories&post=447"},{"taxonomy":"post_tag","embeddable":true,"href":"https:\/\/willizblog.de\/index.php?rest_route=%2Fwp%2Fv2%2Ftags&post=447"}],"curies":[{"name":"wp","href":"https:\/\/api.w.org\/{rel}","templated":true}]}}