{"id":4474,"date":"2011-05-24T10:19:23","date_gmt":"2011-05-24T09:19:23","guid":{"rendered":"http:\/\/www.willizblog.de\/?p=4474"},"modified":"2011-05-23T10:59:56","modified_gmt":"2011-05-23T09:59:56","slug":"max-frisch-homo-faber-%e2%80%93-ein-bericht","status":"publish","type":"post","link":"https:\/\/willizblog.de\/?p=4474","title":{"rendered":"Max Frisch: Homo faber \u2013 Ein Bericht"},"content":{"rendered":"<p>Am 15. Mai j\u00e4hrte sich der 100. Geburtstag von Max Frisch, am 4. April sein 20. Todestag.<br \/>\n<a href=\"https:\/\/de.wikipedia.org\/wiki\/Max_Frisch\" target=\"_blank\">Max Frisch<\/a> (* 15. Mai 1911 in Z\u00fcrich; \u2020 4. April 1991 ebenda) war ein Schweizer Schriftsteller und Architekt. Mit Theaterst\u00fccken wie \u201eBiedermann und die Brandstifter\u201c oder \u201eAndorra\u201c sowie mit seinen drei gro\u00dfen Romanen <a href=\"https:\/\/www.willizblog.de\/?p=842\" target=\"_blank\">Stiller<\/a>, <a href=\"https:\/\/de.wikipedia.org\/wiki\/Homo_faber_%28Roman%29\" target=\"_blank\">Homo faber<\/a> und <a href=\"https:\/\/www.willizblog.de\/?p=4372\" target=\"_blank\">Mein Name sei Gantenbein<\/a> erreichte Frisch ein breites Publikum und fand Eingang in den Schulkanon. Dar\u00fcber hinaus ver\u00f6ffentlichte er H\u00f6rspiele, Erz\u00e4hlungen und Prosawerke sowie zwei, die Zeitr\u00e4ume von 1946 bis 1949 und 1966 bis 1971 umfassende, literarische Tageb\u00fccher.<\/p>\n<p>Anl\u00e4sslich dieser Jahrestage strahlte am Sonntag, den 22.05., der TV-Sender <a href=\"http:\/\/www.arte.tv\/de\/woche\/244,broadcastingNum=1231965,day=2,week=21,year=2011.html\" target=\"_blank\">Arte<\/a> neben einer <a href=\"http:\/\/www.arte.tv\/de\/woche\/244,broadcastingNum=1231248,day=2,week=21,year=2011.html\" target=\"_blank\">Dokumentation<\/a> \u00fcber Max Frisch auch den von Volker Schl\u00f6ndorff 1991 <a href=\"https:\/\/de.wikipedia.org\/wiki\/Homo_Faber_%28Film%29\" target=\"_blank\">verfilmten Roman Homo faber<\/a> aus. Der Film ist auch bei <a href=\"https:\/\/www.youtube.com\/user\/LolitasKiss\" target=\"_blank\">YouTube<\/a> <a href=\"https:\/\/www.youtube.com\/playlist?p=PL959CEBC44919A62A\" target=\"_blank\">Homo Faber (Voyager) German Part 1-11<\/a> zu sehen. Weiterea Filmmaterial findet sich auf dem Account <a href=\"https:\/\/www.youtube.com\/user\/maxfrischarchiv\" target=\"_blank\">maxfrischarchiv<\/a> bei YouTube.<\/p>\n<p><iframe loading=\"lazy\" width=\"425\" height=\"349\" src=\"https:\/\/www.youtube.com\/embed\/2wAjGt_M5c0\" frameborder=\"0\" allowfullscreen><\/iframe><br \/>\nHomo Faber (1991) Movie Teaser<\/p>\n<p>Der Titel des Romans setzt die Hauptfigur namens Walter Faber in Bezug zum <a href=\"https:\/\/de.wikipedia.org\/wiki\/Homo_faber_%28Anthropologie%29\" target=\"_blank\">anthropologischen Begriff des homo faber<\/a>, des schaffenden Menschen. Walter Faber ist ein Ingenieur mit streng rationaler, technisch orientierter Weltanschauung: <em>\u201eIch glaube nicht an F\u00fcgung und Schicksal, als Techniker bin ich gewohnt mit den Formeln der Wahrscheinlichkeit zu rechnen.\u201c<\/em> (S. 22 \u2013 Max Frisch: Gesammelte Werke in zeitlicher Folge \u2013 1957-1963 \u2013 Band IV.1 \u2013 Suhrkamp Verlag \u2013 1. Auflage 1976) und <em>\u201eIch halte es mit der Vernunft &#8230;\u201c<\/em> (S. 80) und <em>\u201eWir leben technisch, der Mensch als Beherrscher der Natur, der Mensch als Ingenieur, und wer dagegen redet, der soll auch keine Br\u00fccke benutzen, die nicht die Natur gebaut hat.\u201c<\/em> (S. 106\/107)<\/p>\n<p>In diese so scheinbar geordnete Leben brechen von heute auf morgen der Zufall und die verdr\u00e4ngte Vergangenheit ein. Durch eine Verkettung unwahrscheinlicher Ereignisse trifft er nacheinander auf seinen verstorbenen Jugendfreund, seine unvergessene Jugendliebe und seine Tochter, von deren Existenz er nichts ahnt. Unwissentlich geht Faber mit der jungen Frau eine inzestu\u00f6se Liebesbeziehung ein, die ein tragisches Ende nimmt. Erst am Ende erkennt er seine Verfehlungen und Vers\u00e4umnisse; todkrank will er sein Leben wandeln.<\/p>\n<p>Neben autobiografischen Elementen verarbeitete Max Frisch in \u201eHomo faber\u201c zentrale Kernthemen seines Werks: den Konflikt zwischen pers\u00f6nlicher Identit\u00e4t und sozialer Rolle, die Bestimmung des Daseins durch Zufall oder Schicksal, den Gegensatz von Technik zu Natur und Mythos (<em>\u201eManie des Technikers, die Sch\u00f6pfung nutzbar zu machen, weil er sie als Partner nicht aush\u00e4lt, nichts mit ihr anfangen kann; &#8230;\u201c<\/em> (S. 169)), die misslungene Beziehung zwischen den Geschlechtern (<em>\u201e&#8230; der Mann<\/em> [sagt Hanna] <em>will die Frau als Geheimnis, um von seinem eignen Unverst\u00e4ndnis begeistert und erregt zu sein. &#8230;\u201c<\/em> (S. 140)) und das verfehlte Leben  (<em>\u201eIch halte nichts von Selbstmord, das \u00e4ndert ja nichts daran, da\u00df man auf der Welt gewesen ist, und was ich in dieser Stunde w\u00fcnschte: Nie gewesen sein!\u201c<\/em> (S. 136))<\/p>\n<p>Der Roman spielt im Jahre 1957 in den USA, Mittelamerika (Mexiko und Guatemala) sowie in Europa (das Ende in Griechenland), ist also bereits \u00fcber 50 Jahre alt. Aber er hat nichts von seinem besonderen Reiz verloren und konnte genauso gut auch heute spielen (sieht von den technischen Gegebenheiten, z.B. Propeller- statt D\u00fcsenflugzeuge, einmal ab). Ich habe den Roman in den gesammelten Werken von Max Frisch vorliegen. Eine nachtr\u00e4gliche Recherche der <a href=\"https:\/\/de.wikipedia.org\/wiki\/Homo_faber_%28Roman%29#Chronologie\" target=\"_blank\">Chronologie<\/a> hat ergeben, dass das zun\u00e4chst verwendete Datenger\u00fcst nicht ganz korrekt ist. Dieses wurde nachtr\u00e4glich mit den Publikationen des Romans seit der Taschenbuchausgabe 1977 ge\u00e4ndert. Mit dem Titelhelden Walter Faber begeben wir uns so auf eine umfangreiche Reise (in Klammern stehen die urspr\u00fcnglichen Daten):<\/p>\n<p><em>26.03.1957 (02.04.1957) La Guardia, New York mit einer Super-Constellation (DC-4)<br \/>\nHouston, Texas (Zwischenlandung)<\/em><\/p>\n<p><em>W\u00fcste von Tamaulipas\/Mexiko \u2013 Notlandung<\/em><\/p>\n<p><em>Mexico-City (Ciudad de M\u00e9xico)<\/em><\/p>\n<p><em>Flug Campeche<\/em><br \/>\n<em>Zug Campeche \u2013 Palenque (- Coatzacoalcos)<\/em><\/p>\n<p><em>Weiter mit dem Landrover ab Palenque<br \/>\nStrecke zwischen Palenque und der Plantage \u2013 70 Meilen Luftlinie \/ 100 Meilen zu fahren<br \/>\n18. Breitengrad<br \/>\nRio Usumacinta, Grenze zwischen Mexico und Guatemala<\/em><\/p>\n<p><iframe loading=\"lazy\" width=\"540\" height=\"360\" frameborder=\"0\" scrolling=\"no\" marginheight=\"0\" marginwidth=\"0\" src=\"https:\/\/maps.google.de\/maps?f=d&amp;source=s_d&amp;saddr=Campeche,+Mexiko&amp;daddr=Palenque,+Chiapas,+Mexiko+to:Frontera+Echeverr%C3%ADa,+Chiapas,+Mexiko&amp;geocode=FUbRLgEd57ea-iltE2sXljP4hTFEYvKVTI496Q%3BFY4uCwEdSHmE-ikpO9oARk_yhTHxc5lzc81q0Q%3BFXerAAEd2h-V-in3Oy8YtMD0hTHegS8D34IiMA&amp;hl=de&amp;mra=ls&amp;dirflg=h&amp;doflg=ptm&amp;sll=18.30356,-91.279445&amp;sspn=5.755511,8.470459&amp;ie=UTF8&amp;t=h&amp;ll=18.479609,-92.27417&amp;spn=3.750546,5.921631&amp;z=7&amp;output=embed\"><\/iframe><br \/><small><a href=\"https:\/\/maps.google.de\/maps?f=d&amp;source=embed&amp;saddr=Campeche,+Mexiko&amp;daddr=Palenque,+Chiapas,+Mexiko+to:Frontera+Echeverr%C3%ADa,+Chiapas,+Mexiko&amp;geocode=FUbRLgEd57ea-iltE2sXljP4hTFEYvKVTI496Q%3BFY4uCwEdSHmE-ikpO9oARk_yhTHxc5lzc81q0Q%3BFXerAAEd2h-V-in3Oy8YtMD0hTHegS8D34IiMA&amp;hl=de&amp;mra=ls&amp;dirflg=h&amp;doflg=ptm&amp;sll=18.30356,-91.279445&amp;sspn=5.755511,8.470459&amp;ie=UTF8&amp;t=h&amp;ll=18.479609,-92.27417&amp;spn=3.750546,5.921631&amp;z=7\" style=\"color:#0000FF;text-align:left\">Gr\u00f6\u00dfere Kartenansicht<\/a><\/small><br \/>\nCampeche, Mexiko &#8211; Palenque, Chiapas, Mexiko &#8211; Frontera Echeverr\u00eda, Chiapas, Mexiko (Grenze zu Guatemala)<\/p>\n<p><em>20.04. Abflug Caracas<br \/>\n21.04. Ankunft New York, Idlewild<\/em><\/p>\n<p><em>22. \u2013 30.04. Schiffsreise N.Y. &#8211; Europa<br \/>\n29.04. Fabers 50. Geburtstag an Bord<br \/>\n30.4. in Southampton<br \/>\n1.5. Ankunft in Le Havre \u2013 Sonderzug nach Paris<\/em><\/p>\n<p><em>Autoreise von Paris nach Griechenland \u00fcber Italien<\/em><\/p>\n<p><em>13.05. Avignon (Nacht der Mondfinsternis) \u2013 weiter Arles \u2013 Marseille \u2013 Toulon &#8211; Le Trayaz<\/em><\/p>\n<p><em>Italien (Pisa \u2013 Florenz \u2013 Siena \u2013 Perugia \u2013 Arezzo \u2013 Orvieto \u2013 Assisi \u2013 Rom)<br \/>\nLaterano -> <a href=\"https:\/\/de.wikipedia.org\/wiki\/Via_Appia\" target=\"_blank\">Via Appia<\/a><br \/>\nAuto in Bari gelassen<\/em><\/p>\n<p><em>Patras \u2013 Korinth \u2013 Theodohori -> Agioi Theodoroi (Schlangenbiss und Unfall) \u2013 Megara \u2013 Daphni \u2013 Athen<\/em><\/p>\n<p><em>27.05. (03.06). Widersehen mit Hanna in Athen<br \/>\nso muss sein 28.05. (04.06.) Tod Sabeths<\/em><\/p>\n<p><em>01.06. (08.06.) New York<br \/>\n02.06. (09.06). Flug Richtung Caracas \u2013 Besuch bei Herbert (Plantage in Guatemala)<\/em><\/p>\n<p><em>20.06. Ankunft in Caracas<\/em><\/p>\n<p><em>21.06 \u2013 08.07. Faber schreibt \u201eErste Station\u201c nieder in Caracas (erkrankt)<\/em><\/p>\n<p><em>09.-13.07. Cuba, dann Lissabon<br \/>\n15.07. D\u00fcsseldorf<br \/>\n16.07. Z\u00fcrich<\/em><\/p>\n<p><em>19.07. Krankenhaus, Athen<br \/>\n20.07. Fabers OP Athen (ENDE des Romans)<\/em><\/p>\n<p>Literatur von <a href=\"https:\/\/www.amazon.de\/gp\/search?ie=UTF8&#038;keywords=Max%20Frisch&#038;tag=familiealbin-21&#038;index=books&#038;linkCode=ur2&#038;camp=1638&#038;creative=6742\" target=\"_blank\"><strong>Max Frisch<\/strong><\/a><img loading=\"lazy\" src=\"https:\/\/www.assoc-amazon.de\/e\/ir?t=familiealbin-21&#038;l=ur2&#038;o=3\" width=\"1\" height=\"1\" border=\"0\" alt=\"\" style=\"border:none !important; margin:0px !important;\" \/><\/p>\n<p><iframe loading=\"lazy\" width=\"540\" height=\"320\" frameborder=\"0\" scrolling=\"no\" marginheight=\"0\" marginwidth=\"0\" src=\"https:\/\/maps.google.de\/maps?f=q&amp;source=s_q&amp;hl=de&amp;geocode=&amp;q=Berzona+(Onsernone)&amp;aq=&amp;sll=46.194092,8.607788&amp;sspn=0.52474,1.058807&amp;ie=UTF8&amp;hq=&amp;hnear=Berzona+Isorno,+Locarno,+Tessin,+Schweiz&amp;t=h&amp;ll=46.203716,8.663836&amp;spn=0.009504,0.023131&amp;z=15&amp;output=embed\"><\/iframe><br \/><small><a href=\"https:\/\/maps.google.de\/maps?f=q&amp;source=embed&amp;hl=de&amp;geocode=&amp;q=Berzona+(Onsernone)&amp;aq=&amp;sll=46.194092,8.607788&amp;sspn=0.52474,1.058807&amp;ie=UTF8&amp;hq=&amp;hnear=Berzona+Isorno,+Locarno,+Tessin,+Schweiz&amp;t=h&amp;ll=46.203716,8.663836&amp;spn=0.009504,0.023131&amp;z=15\" style=\"color:#0000FF;text-align:left\">Gr\u00f6\u00dfere Kartenansicht<\/a><\/small><br \/>\n<a href=\"https:\/\/de.wikipedia.org\/wiki\/Berzona_%28Valle_Onsernone%29\" target=\"_blank\">Berzona<\/a>\/Tessin\/Schweiz \u2013 Wohnort von Max Frisch von 1964-1991<\/p>\n<p>Max Frisch zum 100. Geburtstag: <a href=\"http:\/\/www.stern.de\/kultur\/buecher\/max-frisch-zum-100-geburtstag-kein-stiller-eidgenosse-1685050.html\" target=\"_blank\">Kein stiller Eidgenosse<\/a><br \/>\n<a href=\"http:\/\/www.arte.tv\/de\/suche\/3581920.html\" target=\"_blank\">Ein Liebender, der mit dem Leben haderte &#8211; Max Frisch zum 100. Geburtstag<\/a><br \/>\n<a href=\"http:\/\/www.tagesschau.sf.tv\/Nachrichten\/Archiv\/2011\/05\/14\/Kultur\/Das-Max-Frisch-Fieber-steigt\" target=\"_blank\">Das Max-Frisch-Fieber steigt<\/a><br \/>\n<a href=\"http:\/\/www.zeit.de\/2011\/20\/L-Max-Frisch\" target=\"_blank\">Das Prinzip Frisch<\/a><br \/>\nweiteres Material: <a href=\"http:\/\/www.mfa.ethz.ch\/de\/index.html\" target=\"_blank\"><strong>Max Frisch-Archiv<\/strong> an der ETH-Bibliothek<\/a><\/p>\n","protected":false},"excerpt":{"rendered":"<p>Am 15. Mai j\u00e4hrte sich der 100. Geburtstag von Max Frisch, am 4. April sein 20. Todestag. Max Frisch (* 15. Mai 1911 in Z\u00fcrich; \u2020 4. April 1991 ebenda) war ein Schweizer Schriftsteller und Architekt. Mit Theaterst\u00fccken wie \u201eBiedermann und die Brandstifter\u201c oder \u201eAndorra\u201c sowie mit seinen drei gro\u00dfen Romanen Stiller, Homo faber und &hellip; <a href=\"https:\/\/willizblog.de\/?p=4474\" class=\"more-link\"><span class=\"screen-reader-text\">Max Frisch: Homo faber \u2013 Ein Bericht<\/span> weiterlesen <span class=\"meta-nav\">&rarr;<\/span><\/a><\/p>\n","protected":false},"author":1,"featured_media":0,"comment_status":"open","ping_status":"open","sticky":false,"template":"","format":"standard","meta":[],"categories":[13,14],"tags":[],"_links":{"self":[{"href":"https:\/\/willizblog.de\/index.php?rest_route=\/wp\/v2\/posts\/4474"}],"collection":[{"href":"https:\/\/willizblog.de\/index.php?rest_route=\/wp\/v2\/posts"}],"about":[{"href":"https:\/\/willizblog.de\/index.php?rest_route=\/wp\/v2\/types\/post"}],"author":[{"embeddable":true,"href":"https:\/\/willizblog.de\/index.php?rest_route=\/wp\/v2\/users\/1"}],"replies":[{"embeddable":true,"href":"https:\/\/willizblog.de\/index.php?rest_route=%2Fwp%2Fv2%2Fcomments&post=4474"}],"version-history":[{"count":0,"href":"https:\/\/willizblog.de\/index.php?rest_route=\/wp\/v2\/posts\/4474\/revisions"}],"wp:attachment":[{"href":"https:\/\/willizblog.de\/index.php?rest_route=%2Fwp%2Fv2%2Fmedia&parent=4474"}],"wp:term":[{"taxonomy":"category","embeddable":true,"href":"https:\/\/willizblog.de\/index.php?rest_route=%2Fwp%2Fv2%2Fcategories&post=4474"},{"taxonomy":"post_tag","embeddable":true,"href":"https:\/\/willizblog.de\/index.php?rest_route=%2Fwp%2Fv2%2Ftags&post=4474"}],"curies":[{"name":"wp","href":"https:\/\/api.w.org\/{rel}","templated":true}]}}