{"id":449,"date":"2006-04-05T05:13:21","date_gmt":"2006-04-05T03:13:21","guid":{"rendered":"http:\/\/www.albinz.de\/blog\/?p=449"},"modified":"2006-04-05T11:09:49","modified_gmt":"2006-04-05T09:09:49","slug":"ein-fest-fur-werder-fans","status":"publish","type":"post","link":"https:\/\/willizblog.de\/?p=449","title":{"rendered":"Ein Fest f\u00fcr Werder-Fans"},"content":{"rendered":"<p>Okay, es ist fast zwei Jahre her, als <a title=\"Werder Bremen\" href=\"http:\/\/www.werder.de\/index.php\" target=\"_blank\">Werder Bremen<\/a> mit seinem souver\u00e4nen Sieg bei den Bayern alles klar machte und 2004 deutscher Fu\u00dfballmeister wurde. Aber die Tore vom 8. Mai 2004 sind trotzdem auch heute noch ein Fest f\u00fcr jeden Werder-Fan (und\/oder Bayern-Hasser).<\/p>\n<p><img title=\"Klasnic umkurvt Kahn\" alt=\"Klasnic umkurvt Kahn\" src=\"https:\/\/www.albinz.net\/images\/werder04.jpg\" \/><\/p>\n<p>Am kommenden Samstag treffen beide Mannschaften wieder aufeinander, diesmal in Bremen. Und es geht dabei nicht nur ums Prestige, sondern doch um etwas mehr: Bayern muss aufpassen, nicht kurz vor Toresschluss doch noch den Meistertitel an den HSV zu verlieren (oder gar Werder?). Und Werder d\u00fcrfte sich mit einer Teilnahme am UEFA-Cup kaum zufrieden geben (hinter ihnen lauert Schalke &#8211; vor ihnen ist der HSV einzuholen &#8211; oder gar die Bayern?).<\/p>\n<p>Hier noch einmal <a title=\"Werder schl\u00e4gt die Bayern 2004\" href=\"https:\/\/www.albinz.net\/werder_bremen.html\" target=\"_blank\">die Werder-Tore im Video<\/a><\/p>\n","protected":false},"excerpt":{"rendered":"<p>Okay, es ist fast zwei Jahre her, als Werder Bremen mit seinem souver\u00e4nen Sieg bei den Bayern alles klar machte und 2004 deutscher Fu\u00dfballmeister wurde. Aber die Tore vom 8. Mai 2004 sind trotzdem auch heute noch ein Fest f\u00fcr jeden Werder-Fan (und\/oder Bayern-Hasser). Am kommenden Samstag treffen beide Mannschaften wieder aufeinander, diesmal in Bremen. &hellip; <a href=\"https:\/\/willizblog.de\/?p=449\" class=\"more-link\"><span class=\"screen-reader-text\">Ein Fest f\u00fcr Werder-Fans<\/span> weiterlesen <span class=\"meta-nav\">&rarr;<\/span><\/a><\/p>\n","protected":false},"author":1,"featured_media":0,"comment_status":"closed","ping_status":"closed","sticky":false,"template":"","format":"standard","meta":[],"categories":[27],"tags":[],"_links":{"self":[{"href":"https:\/\/willizblog.de\/index.php?rest_route=\/wp\/v2\/posts\/449"}],"collection":[{"href":"https:\/\/willizblog.de\/index.php?rest_route=\/wp\/v2\/posts"}],"about":[{"href":"https:\/\/willizblog.de\/index.php?rest_route=\/wp\/v2\/types\/post"}],"author":[{"embeddable":true,"href":"https:\/\/willizblog.de\/index.php?rest_route=\/wp\/v2\/users\/1"}],"replies":[{"embeddable":true,"href":"https:\/\/willizblog.de\/index.php?rest_route=%2Fwp%2Fv2%2Fcomments&post=449"}],"version-history":[{"count":0,"href":"https:\/\/willizblog.de\/index.php?rest_route=\/wp\/v2\/posts\/449\/revisions"}],"wp:attachment":[{"href":"https:\/\/willizblog.de\/index.php?rest_route=%2Fwp%2Fv2%2Fmedia&parent=449"}],"wp:term":[{"taxonomy":"category","embeddable":true,"href":"https:\/\/willizblog.de\/index.php?rest_route=%2Fwp%2Fv2%2Fcategories&post=449"},{"taxonomy":"post_tag","embeddable":true,"href":"https:\/\/willizblog.de\/index.php?rest_route=%2Fwp%2Fv2%2Ftags&post=449"}],"curies":[{"name":"wp","href":"https:\/\/api.w.org\/{rel}","templated":true}]}}