{"id":4491,"date":"2011-05-28T06:35:00","date_gmt":"2011-05-28T05:35:00","guid":{"rendered":"http:\/\/www.willizblog.de\/?p=4491"},"modified":"2011-06-08T07:09:23","modified_gmt":"2011-06-08T06:09:23","slug":"islands-vulkane","status":"publish","type":"post","link":"https:\/\/willizblog.de\/?p=4491","title":{"rendered":"Islands Vulkane"},"content":{"rendered":"<p>Aus gegebenen Anlass brachte der Sender <a href=\"http:\/\/www.arte.tv\/de\/70.html\" target=\"_blank\">Arte<\/a> am Mittwoch einen &#8211; wie ich finde &#8211; sehr interessanten <a href=\"http:\/\/videos.arte.tv\/de\/videos\/islands_vulkane-3929466.html\" target=\"_blank\">Filmbericht \u00fcber Islands Vulkane<\/a>, der auch jetzt noch im Internet aufrufbar ist:<\/p>\n<p><object classid=\"clsid:D27CDB6E-AE6D-11cf-96B8-444553540000\" codebase=\"http:\/\/download.macromedia.com\/pub\/shockwave\/cabs\/flash\/swflash.cab#version=10,0,0,0\" id=\"playerArte\" allowScriptAccess=\"always\" width=\"450\" height=\"303\" ><param name=\"allowFullScreen\" value=\"true\" \/><param name=\"allowScriptAccess\" value=\"always\" \/><param name=\"quality\" value=\"high\"><param name=\"movie\" value=\"http:\/\/videos.arte.tv\/videoplayer.swf?admin=false&#038;videorefFileUrl=http%3A%2F%2Fvideos%2Earte%2Etv%2Fde%2Fdo%5Fdelegate%2Fvideos%2Fislands%5Fvulkane%2D3929466%2Cview%2CasPlayerXml%2Exml&#038;videoId=3929466&#038;configFileUrl=http%3A%2F%2Fvideos%2Earte%2Etv%2Fcae%2Fstatic%2Fflash%2Fplayer%2Fconfig%2Exml&#038;mode=prod&#038;localizedPathUrl=http%3A%2F%2Fvideos%2Earte%2Etv%2Fcae%2Fstatic%2Fflash%2Fplayer%2F&#038;lang=de&#038;autoPlay=true&#038;embed=true&#038;autoPlay=false\"><embed src=\"http:\/\/videos.arte.tv\/videoplayer.swf?admin=false&#038;videorefFileUrl=http%3A%2F%2Fvideos%2Earte%2Etv%2Fde%2Fdo%5Fdelegate%2Fvideos%2Fislands%5Fvulkane%2D3929466%2Cview%2CasPlayerXml%2Exml&#038;videoId=3929466&#038;configFileUrl=http%3A%2F%2Fvideos%2Earte%2Etv%2Fcae%2Fstatic%2Fflash%2Fplayer%2Fconfig%2Exml&#038;mode=prod&#038;localizedPathUrl=http%3A%2F%2Fvideos%2Earte%2Etv%2Fcae%2Fstatic%2Fflash%2Fplayer%2F&#038;lang=de&#038;autoPlay=true&#038;embed=true&#038;autoPlay=false\" width=\"450\" height=\"303\" allowFullScreen=\"true\" name=\"playerArte\" quality=\"high\" allowScriptAccess=\"always\" pluginspage=\"http:\/\/www.macromedia.com\/go\/getflashplayer\" type=\"application\/x-shockwave-flash\"><\/embed><\/object><br \/>\narte.tv: Islands Vulkane<\/p>\n<p>Hintergrund ist der erneute Ausbruch eines Vulkans auf \u00cdsland, dem <a href=\"https:\/\/de.wikipedia.org\/wiki\/Gr%C3%ADmsv%C3%B6tn\" target=\"_blank\">Gr\u00edmsv\u00f6tn<\/a>, dessen Aschewolke wiederum zu Beeintr\u00e4chtigungen des Flugverkehrs in Europa f\u00fchrte. Bereits vor einem Jahr sorgte der <a href=\"https:\/\/de.wikipedia.org\/wiki\/Eyjafjallaj%C3%B6kull\" target=\"_blank\">Eyjafjallaj\u00f6kull<\/a> (<a href=\"https:\/\/de.wikipedia.org\/wiki\/Medium:Eyjafjallaj%C3%B6kull-glacier.ogg\" target=\"_blank\">Audiodatei bei wikipedia.org<\/a> &#8211; spricht sich etwa \u00c4<sup>i<\/sup>-ja-fjatt-la-j\u00f6-k\u00fctt<sup>e<\/sup>l) mit <a href=\"https:\/\/de.wikipedia.org\/wiki\/Ausbruch_des_Eyjafjallaj%C3%B6kull_2010\" target=\"_blank\">seinem Ausbruch<\/a> f\u00fcr eine bis dahin beispiellose Beeintr\u00e4chtigung des Luftverkehrs.<\/p>\n<p>Mein Augenmerk und das meiner Familie ist in letzter Zeit wieder sehr auf Island ausgerichtet. So habe ich mich wieder vermehrt mit isl\u00e4ndischer Literatur (z.B. <a href=\"https:\/\/www.willizblog.de\/index.php?s=laxness\" target=\"_blank\">Halld\u00f3r Laxness<\/a> und <a href=\"https:\/\/www.willizblog.de\/index.php?s=karason\" target=\"_blank\">Einar K\u00e1rason<\/a>) besch\u00e4ftigt. Auch wenn es l\u00e4ngst noch nicht amtlich ist, aber f\u00fcr n\u00e4chstes Jahr ist nach dann 22 Jahre eine erneute <a href=\"https:\/\/www.albinz.net\/island.html\" target=\"_blank\">Island-Reise<\/a> geplant. <a href=\"https:\/\/de.wikipedia.org\/wiki\/Island\" target=\"_blank\">Island<\/a> ist und bleibt von der Natur und der Kultur her ein faszinierendes Land f\u00fcr mich.<\/p>\n","protected":false},"excerpt":{"rendered":"<p>Aus gegebenen Anlass brachte der Sender Arte am Mittwoch einen &#8211; wie ich finde &#8211; sehr interessanten Filmbericht \u00fcber Islands Vulkane, der auch jetzt noch im Internet aufrufbar ist: arte.tv: Islands Vulkane Hintergrund ist der erneute Ausbruch eines Vulkans auf \u00cdsland, dem Gr\u00edmsv\u00f6tn, dessen Aschewolke wiederum zu Beeintr\u00e4chtigungen des Flugverkehrs in Europa f\u00fchrte. Bereits vor &hellip; <a href=\"https:\/\/willizblog.de\/?p=4491\" class=\"more-link\"><span class=\"screen-reader-text\">Islands Vulkane<\/span> weiterlesen <span class=\"meta-nav\">&rarr;<\/span><\/a><\/p>\n","protected":false},"author":1,"featured_media":0,"comment_status":"open","ping_status":"open","sticky":false,"template":"","format":"standard","meta":[],"categories":[10],"tags":[408,407,241,406],"_links":{"self":[{"href":"https:\/\/willizblog.de\/index.php?rest_route=\/wp\/v2\/posts\/4491"}],"collection":[{"href":"https:\/\/willizblog.de\/index.php?rest_route=\/wp\/v2\/posts"}],"about":[{"href":"https:\/\/willizblog.de\/index.php?rest_route=\/wp\/v2\/types\/post"}],"author":[{"embeddable":true,"href":"https:\/\/willizblog.de\/index.php?rest_route=\/wp\/v2\/users\/1"}],"replies":[{"embeddable":true,"href":"https:\/\/willizblog.de\/index.php?rest_route=%2Fwp%2Fv2%2Fcomments&post=4491"}],"version-history":[{"count":0,"href":"https:\/\/willizblog.de\/index.php?rest_route=\/wp\/v2\/posts\/4491\/revisions"}],"wp:attachment":[{"href":"https:\/\/willizblog.de\/index.php?rest_route=%2Fwp%2Fv2%2Fmedia&parent=4491"}],"wp:term":[{"taxonomy":"category","embeddable":true,"href":"https:\/\/willizblog.de\/index.php?rest_route=%2Fwp%2Fv2%2Fcategories&post=4491"},{"taxonomy":"post_tag","embeddable":true,"href":"https:\/\/willizblog.de\/index.php?rest_route=%2Fwp%2Fv2%2Ftags&post=4491"}],"curies":[{"name":"wp","href":"https:\/\/api.w.org\/{rel}","templated":true}]}}