{"id":4521,"date":"2011-06-06T09:28:30","date_gmt":"2011-06-06T08:28:30","guid":{"rendered":"http:\/\/www.willizblog.de\/?p=4521"},"modified":"2011-06-06T09:28:30","modified_gmt":"2011-06-06T08:28:30","slug":"black-out-reunion","status":"publish","type":"post","link":"https:\/\/willizblog.de\/?p=4521","title":{"rendered":"Black Out-Reunion?!"},"content":{"rendered":"<p>Wow, was ist das? K\u00fcndigt sich da eine <a href=\"https:\/\/de.wikipedia.org\/wiki\/Reunion\" target=\"_blank\">Reunion<\/a> der Gruppe <a href=\"https:\/\/de.wikipedia.org\/wiki\/Blackout_%28Begriffskl%C3%A4rung%29\" target=\"_blank\">\u201eBlack Out\u201c<\/a> an?<\/p>\n<p>Wer ist \u201eBlack Out\u201c?, werden sich viele fragen. Also Leute, die ihr hier \u00f6fter einmal vorbeischaut. Ihr solltet es eigentlich wissen. \u201eBlack Out\u201c ist die <a href=\"https:\/\/www.willizblog.de\/?p=413\" target=\"_blank\">Schweine-Dachboden-und-Keller-Mucke-Band<\/a>, bei der ich, Euer Willi, die Bassgitarre gezupft habe (und auch ab und wann ins Mikrophon hauchen durfte). Okay, bis in die Annalen der Rockgeschichte haben wir es nicht geschafft. Existiert hat die Gruppe ab Januar 1972, trat \u00f6fter einmal bei B\u00fcrgerfesten auf, fristete aber meist ihr Dasein auf dunklen Dachb\u00f6den oder in noch dunkleren Kellern. Ende der achtziger Jahre (1989 oder so) l\u00f6ste sich die Gruppe nach l\u00e4ngeren Kunstpausen dann auf.<\/p>\n<p>Nun wurden Mitte Mai d.J. drei etwas \u00e4ltere, angegraute Herren gesichtet, die es nicht unterlassen konnten, aus voller Brust ein Liedchen anzustimmen. Ja, richtig, die Herren sind jede Gitarrenzupfer aus alten Tagen, Mitglieder dieser legend\u00e4ren Gruppe (wie war der Name noch gleich, ach, ja:) <a href=\"https:\/\/www.albinz.net\/musikwa.html\" target=\"_blank\"><strong>Black Out!<\/strong><\/a> (Nur der Schlagzeuger fehlte).<\/p>\n<table border=\"0\" cellpadding=\"4\" cellspacing=\"0\" width=\"540\">\n<tr>\n<td><img loading=\"lazy\" border=\"0\" src=\"https:\/\/www.albinz.net\/images\/blackout72.jpg\" alt=\"Black Out 1972\" width=\"540\" height=\"410\"><\/td>\n<\/tr>\n<tr>\n<td>\n<p align=\"center\"><font face=\"Lucida Grande, Lucida Sans Unicode, Verdana, sans-serif\" size=\"2\">Black Out 1972<\/font><\/td>\n<\/tr>\n<tr>\n<td><img loading=\"lazy\" border=\"0\" src=\"https:\/\/www.willizblog.de\/blogpicts\/blackout_2011.jpg\" alt=\"Black Out 2011\" width=\"540\" height=\"410\"><\/td>\n<\/tr>\n<tr>\n<td>\n<p align=\"center\"><font face=\"Lucida Grande, Lucida Sans Unicode, Verdana, sans-serif\" size=\"2\">Black Out 2011<\/font><\/td>\n<\/tr>\n<tr>\n<td><img loading=\"lazy\" border=\"0\" src=\" https:\/\/www.willizblog.de\/blogpicts\/black_out_1972_1989.jpg\" alt=\"Black Out 1972-1989\" width=\"540\" height=\"432\"><\/td>\n<\/tr>\n<\/table>\n<p>Okay, die Herren sind inzwischen <a href=\"https:\/\/www.willizblog.de\/?p=452\" target=\"_blank\">nur \u00e4lter, aber nicht sch\u00f6ner<\/a> geworden. Und um es gleich zusagen: Eine Reunion ist nicht geplant. Zwei der Herren befinden sich bereits im \u201aZustand der Gnade\u2019 (sind Rentner), die H\u00e4nde zittern allen dreien und die Stimmen lassen sich kaum noch \u00f6len.<\/p>\n<p>Immerhin: Fast 40 Jahre nach Gr\u00fcndung der Band gibt es uns noch. Und meine Wenigkeit plant, nach und nach vielleicht das eine oder andere Liedchen hier dem verehrten Publikum zum Lauschen bereitzustellen. Hier schon einmal eine kleine Kostprobe aus dem Jahre 1982 (man mag die Bild- und Tonqualit\u00e4t entschuldigen, aber die Aufnahmen stammen nun einmal aus der aufnahmetechnischen Steinzeit):<\/p>\n<p><iframe loading=\"lazy\" width=\"425\" height=\"349\" src=\"https:\/\/www.youtube.com\/embed\/LfCK2WtFm6g\" frameborder=\"0\" allowfullscreen><\/iframe><br \/>\nBlack Out: Lay Down, Sally (1982)<\/p>\n<p><em>Black Out mit der Cover-Version von Eric Clapton: &#8222;Lay Down, Sally&#8220; &#8211; Musikaufnahme: 1982 mit Fotos aus den Jahren 1972 &#8211; 1983<br \/>\nBesetzung: Armin Albin (Leadguitar), Heinz Besch (Rhythm Guitar), Jochen &#8222;Joe Lander&#8220; Landwehr (Drums) &#038; Wilfried Albin (Bass &#038; Vocals)<\/em><\/p>\n","protected":false},"excerpt":{"rendered":"<p>Wow, was ist das? K\u00fcndigt sich da eine Reunion der Gruppe \u201eBlack Out\u201c an? Wer ist \u201eBlack Out\u201c?, werden sich viele fragen. Also Leute, die ihr hier \u00f6fter einmal vorbeischaut. Ihr solltet es eigentlich wissen. \u201eBlack Out\u201c ist die Schweine-Dachboden-und-Keller-Mucke-Band, bei der ich, Euer Willi, die Bassgitarre gezupft habe (und auch ab und wann ins &hellip; <a href=\"https:\/\/willizblog.de\/?p=4521\" class=\"more-link\"><span class=\"screen-reader-text\">Black Out-Reunion?!<\/span> weiterlesen <span class=\"meta-nav\">&rarr;<\/span><\/a><\/p>\n","protected":false},"author":1,"featured_media":0,"comment_status":"open","ping_status":"open","sticky":false,"template":"","format":"standard","meta":[],"categories":[5],"tags":[],"_links":{"self":[{"href":"https:\/\/willizblog.de\/index.php?rest_route=\/wp\/v2\/posts\/4521"}],"collection":[{"href":"https:\/\/willizblog.de\/index.php?rest_route=\/wp\/v2\/posts"}],"about":[{"href":"https:\/\/willizblog.de\/index.php?rest_route=\/wp\/v2\/types\/post"}],"author":[{"embeddable":true,"href":"https:\/\/willizblog.de\/index.php?rest_route=\/wp\/v2\/users\/1"}],"replies":[{"embeddable":true,"href":"https:\/\/willizblog.de\/index.php?rest_route=%2Fwp%2Fv2%2Fcomments&post=4521"}],"version-history":[{"count":0,"href":"https:\/\/willizblog.de\/index.php?rest_route=\/wp\/v2\/posts\/4521\/revisions"}],"wp:attachment":[{"href":"https:\/\/willizblog.de\/index.php?rest_route=%2Fwp%2Fv2%2Fmedia&parent=4521"}],"wp:term":[{"taxonomy":"category","embeddable":true,"href":"https:\/\/willizblog.de\/index.php?rest_route=%2Fwp%2Fv2%2Fcategories&post=4521"},{"taxonomy":"post_tag","embeddable":true,"href":"https:\/\/willizblog.de\/index.php?rest_route=%2Fwp%2Fv2%2Ftags&post=4521"}],"curies":[{"name":"wp","href":"https:\/\/api.w.org\/{rel}","templated":true}]}}