{"id":4524,"date":"2011-06-07T09:10:12","date_gmt":"2011-06-07T08:10:12","guid":{"rendered":"http:\/\/www.willizblog.de\/?p=4524"},"modified":"2011-06-07T07:14:20","modified_gmt":"2011-06-07T06:14:20","slug":"hallig-langenes-im-winter","status":"publish","type":"post","link":"https:\/\/willizblog.de\/?p=4524","title":{"rendered":"Hallig Langene\u00df im Winter"},"content":{"rendered":"<p>Vor der nordfriesischen K\u00fcste gibt es mehrere kleine, nicht eingedeichte Inseln, die <a href=\"https:\/\/de.wikipedia.org\/wiki\/Hallig\" target=\"_blank\">Halligen<\/a>. Die zehn deutschen Halligen gruppieren sich kreisf\u00f6rmig um die Insel Pellworm, die selbst keine Hallig ist. Von der zweitgr\u00f6\u00dften dieser <a href=\"https:\/\/www.willizblog.de\/?p=1395\" target=\"_blank\">Halligen, Hooge, hatte ich bereits berichtet<\/a>.<\/p>\n<p>Jetzt gab es auf dem Sender <a href=\"http:\/\/www.arte.tv\/de\/70.html\" target=\"_blank\">Arte<\/a> im Rahmen der Reihe <a href=\"http:\/\/www.arte.tv\/de\/Die-Welt-verstehen\/360_C2_B0-GEO-Reportage\/103048.html\" target=\"_blank\">360\u00b0 &#8211; Geo Reportage<\/a> einen Bericht \u00fcber die gr\u00f6\u00dfte dieser Halligen, Langene\u00df &#8211; mitten im Winter, mitten im Wasser.<\/p>\n<p>\u201eDer Wind pfeift scharf \u00fcber das zugefrorene Watt, auf dem sich die Eisschollen gegeneinander t\u00fcrmen. Milchig-wei\u00dfes Licht verzaubert die Landschaft in ein eisiges Stillleben. Au\u00dfer dem Wind h\u00f6rt man keinen Laut. Die Menschen trotzen den eisigen Temperaturen in den wenigen reetgedeckten H\u00e4usern &#8211; Winter auf der Hallig Langene\u00df. Sie ist die gr\u00f6\u00dfte der zehn Halligen mitten in der Nordsee vor der nordfriesischen K\u00fcste. Meerumschlossen, einsam, aber auch sehr romantisch. &#8222;360 \u00ba &#8211; Geo Reportage&#8220; besucht die Bewohner der Hallig w\u00e4hrend der letzten rauen Wintertage und zeichnet ein Portr\u00e4t von Menschen und Natur.\u201c (Quelle: <a href=\"http:\/\/videos.arte.tv\/de\/videos\/die_halligen_im_winter-3927492.html\" target=\"_blank\">arte.tv<\/a>)<\/p>\n<p><object classid=\"clsid:D27CDB6E-AE6D-11cf-96B8-444553540000\" codebase=\"http:\/\/download.macromedia.com\/pub\/shockwave\/cabs\/flash\/swflash.cab#version=10,0,0,0\" id=\"playerArte\" allowScriptAccess=\"always\" width=\"450\" height=\"303\" ><param name=\"allowFullScreen\" value=\"true\" \/><param name=\"allowScriptAccess\" value=\"always\" \/><param name=\"quality\" value=\"high\"><param name=\"movie\" value=\"http:\/\/videos.arte.tv\/videoplayer.swf?admin=false&#038;videorefFileUrl=http%3A%2F%2Fvideos%2Earte%2Etv%2Fde%2Fdo%5Fdelegate%2Fvideos%2F360%5Fgeo%5Freportage%2D3939716%2Cview%2CasPlayerXml%2Exml&#038;videoId=3939716&#038;configFileUrl=http%3A%2F%2Fvideos%2Earte%2Etv%2Fcae%2Fstatic%2Fflash%2Fplayer%2Fconfig%2Exml&#038;mode=prod&#038;localizedPathUrl=http%3A%2F%2Fvideos%2Earte%2Etv%2Fcae%2Fstatic%2Fflash%2Fplayer%2F&#038;lang=de&#038;autoPlay=true&#038;embed=true&#038;autoPlay=false\"><embed src=\"http:\/\/videos.arte.tv\/videoplayer.swf?admin=false&#038;videorefFileUrl=http%3A%2F%2Fvideos%2Earte%2Etv%2Fde%2Fdo%5Fdelegate%2Fvideos%2F360%5Fgeo%5Freportage%2D3939716%2Cview%2CasPlayerXml%2Exml&#038;videoId=3939716&#038;configFileUrl=http%3A%2F%2Fvideos%2Earte%2Etv%2Fcae%2Fstatic%2Fflash%2Fplayer%2Fconfig%2Exml&#038;mode=prod&#038;localizedPathUrl=http%3A%2F%2Fvideos%2Earte%2Etv%2Fcae%2Fstatic%2Fflash%2Fplayer%2F&#038;lang=de&#038;autoPlay=true&#038;embed=true&#038;autoPlay=false\" width=\"450\" height=\"303\" allowFullScreen=\"true\" name=\"playerArte\" quality=\"high\" allowScriptAccess=\"always\" pluginspage=\"http:\/\/www.macromedia.com\/go\/getflashplayer\" type=\"application\/x-shockwave-flash\"><\/embed><\/object><\/p>\n<p>\u201eJohann Petersen, genannt Hanni, f\u00e4hrt bei gef\u00fchlten minus 17 Grad mit seiner Kipplore auf einer kleinen Schmalspurbahn mitten durchs Watt. Der Besitzer des einzigen Kaufmannsladens hat Ware vom Festland geholt, um die wenigen Menschen auf der Hallig Langene\u00df versorgen zu k\u00f6nnen. Vorr\u00e4te und alles Lebensnotwenige m\u00fcssen die 110 Bewohner immer im Haus haben, denn \u00dcberschwemmungen und schwere Sturmfluten k\u00f6nnen das kleine Fleckchen Erde mitten in der Nordsee jederzeit von der Au\u00dfenwelt abschneiden. Dann kommt keine F\u00e4hre mehr, und auch die kleinen Loren k\u00f6nnen nicht mehr \u00fcber die Schmalspurtrasse hin\u00fcber zum Festland.<\/p>\n<p>Die warme Stube bekommt in diesen Tagen eine neue Bedeutung: Mit der Familie am Ofen sitzen und Geschichten aus vergangenen Tagen lauschen &#8211; etwa von den verheerenden Sturmfluten, die Land und Tiere, nicht selten ganze H\u00e4user verschlungen haben.<br \/>\nSeit Tagen schon sind Hanni und die anderen Bewohner damit besch\u00e4ftigt, das gro\u00dfe <a href=\"https:\/\/de.wikipedia.org\/wiki\/Biikebrennen\" target=\"_blank\">Biike-Fest<\/a> vorzubereiten, bei dem mit einem riesigen Feuer am Meer der Winter ausgetrieben werden soll. Fr\u00fcher wurden mit diesem Feuer und ganz viel Gr\u00fcnkohl mit Speck auch die Walf\u00e4nger verabschiedet, die nach dem langen Winter wieder aufs Meer hinauszogen. Mit dem Biike-Fest ist die lange, eisige Jahreszeit dann endlich vorbei. Es riecht nach Fr\u00fchling, Leben kehrt auf die Hallig zur\u00fcck.<\/p>\n<p>\u201a360 \u00ba &#8211; Geo Reportage\u2019 fragt, wie es sich so lebt, isoliert, angewiesen auf die Launen der Natur, ohne die M\u00f6glichkeiten eines normalen Alltags mit Einkaufen, \u00c4rzten, Kinobesuchen und anderen Annehmlichkeiten. Wie verbringt Hanni mit seiner Familie den Winter und was treibt der 88 Jahre alte Jens Hansen oder der junge Krankenpfleger Patrick Andresen, der eigentlich vom Festland kommt?\u201c (Quelle: <a href=\"http:\/\/videos.arte.tv\/de\/videos\/360_geo_reportage-3939716.html\" target=\"_blank\">arte.tv<\/a>)<\/p>\n","protected":false},"excerpt":{"rendered":"<p>Vor der nordfriesischen K\u00fcste gibt es mehrere kleine, nicht eingedeichte Inseln, die Halligen. Die zehn deutschen Halligen gruppieren sich kreisf\u00f6rmig um die Insel Pellworm, die selbst keine Hallig ist. Von der zweitgr\u00f6\u00dften dieser Halligen, Hooge, hatte ich bereits berichtet. Jetzt gab es auf dem Sender Arte im Rahmen der Reihe 360\u00b0 &#8211; Geo Reportage einen &hellip; <a href=\"https:\/\/willizblog.de\/?p=4524\" class=\"more-link\"><span class=\"screen-reader-text\">Hallig Langene\u00df im Winter<\/span> weiterlesen <span class=\"meta-nav\">&rarr;<\/span><\/a><\/p>\n","protected":false},"author":1,"featured_media":0,"comment_status":"open","ping_status":"open","sticky":false,"template":"","format":"standard","meta":[],"categories":[10,20],"tags":[412,413,409,411,410,414],"_links":{"self":[{"href":"https:\/\/willizblog.de\/index.php?rest_route=\/wp\/v2\/posts\/4524"}],"collection":[{"href":"https:\/\/willizblog.de\/index.php?rest_route=\/wp\/v2\/posts"}],"about":[{"href":"https:\/\/willizblog.de\/index.php?rest_route=\/wp\/v2\/types\/post"}],"author":[{"embeddable":true,"href":"https:\/\/willizblog.de\/index.php?rest_route=\/wp\/v2\/users\/1"}],"replies":[{"embeddable":true,"href":"https:\/\/willizblog.de\/index.php?rest_route=%2Fwp%2Fv2%2Fcomments&post=4524"}],"version-history":[{"count":0,"href":"https:\/\/willizblog.de\/index.php?rest_route=\/wp\/v2\/posts\/4524\/revisions"}],"wp:attachment":[{"href":"https:\/\/willizblog.de\/index.php?rest_route=%2Fwp%2Fv2%2Fmedia&parent=4524"}],"wp:term":[{"taxonomy":"category","embeddable":true,"href":"https:\/\/willizblog.de\/index.php?rest_route=%2Fwp%2Fv2%2Fcategories&post=4524"},{"taxonomy":"post_tag","embeddable":true,"href":"https:\/\/willizblog.de\/index.php?rest_route=%2Fwp%2Fv2%2Ftags&post=4524"}],"curies":[{"name":"wp","href":"https:\/\/api.w.org\/{rel}","templated":true}]}}