{"id":4528,"date":"2011-06-08T10:40:09","date_gmt":"2011-06-08T09:40:09","guid":{"rendered":"http:\/\/www.willizblog.de\/?p=4528"},"modified":"2011-06-09T11:50:22","modified_gmt":"2011-06-09T10:50:22","slug":"wenn-der-puyehue-spuckt","status":"publish","type":"post","link":"https:\/\/willizblog.de\/?p=4528","title":{"rendered":"Wenn der Puyehue spuckt"},"content":{"rendered":"<p>Ausbr\u00fcche von Vulkanen sind ein beeindruckendes Naturschauspiel. Erst vor kurzem gab es wieder einmal einen solchen <a href=\"https:\/\/www.willizblog.de\/?p=4491\" target=\"_blank\">Vulkanausbruch auf Island<\/a>. Seit dem Wochenende hat sich nun auch in Chile der <a href=\"https:\/\/de.wikipedia.org\/wiki\/Puyehue_%28Vulkan%29#Puyehue-Cord.C3.B3n_Caulle\" target=\"_blank\">Puyehue-Cordon Caulle<\/a> nach \u00fcber 50 Jahren \u201azur\u00fcckgemeldet\u2019.<\/p>\n<p>\u201eIn den ersten zw\u00f6lf Stunden des Ausbruchs am Samstag waren in der Folge durchschnittlich 240 Erdst\u00f6\u00dfe pro Stunde gemessen worden. Eruptionen von Vulkanen bringen oftmals &#8211; wie auch hier geschehen &#8211; elektrische geladene Luftstr\u00f6me hervor, die gewaltige Gewitterst\u00fcrme ausl\u00f6sen und so dem Naturereignis eine besondere Dramatik verleihen.\u201c (Quelle: <a href=\"http:\/\/www.welt.de\/print\/die_welt\/vermischtes\/article13416453\/Wenn-der-Puyehue-spuckt.html\" target=\"_blank\">welt.de<\/a>)<\/p>\n<p>Auf der Website der britischen Daily Mail gibt es einige wirklich au\u00dfergew\u00f6hnliche Fotos vom diesem Naturspektakel: <a href=\"http:\/\/www.dailymail.co.uk\/news\/article-1394503\/Chile-volcano-causes-ash-cloud-lightning-tears-sky-apart.html\" target=\"_blank\">dailymail.co.uk<\/a><\/p>\n<p><img src=\"https:\/\/www.willizblog.de\/blogpicts\/puyehue_chile_2011.jpg\" alt=\"Spektakul\u00e4r: Ein Zeitraffer-Foto zeigt Blitze rund um den markanten Puyehue-Cordon Caulle-Vulkan\" title=\"Spektakul\u00e4r: Ein Zeitraffer-Foto zeigt Blitze rund um den markanten Puyehue-Cordon Caulle-Vulkan\" \/><br \/>\nSpektakul\u00e4r: Ein Zeitraffer-Foto zeigt Blitze rund um den markanten Puyehue-Cordon Caulle-Vulkan<\/p>\n<p><strong>Nachtrag:<\/strong> Auch <a href=\"http:\/\/www.zeit.de\/gesellschaft\/zeitgeschehen\/2011-06\/fs-vulkanausbruch-chile\" target=\"_blank\">Zeit Online<\/a> zeigt diese und andere spektakul\u00e4ren Fotos samt ausf\u00fchrlichem Bericht.<\/p>\n<p>In diesem Zusammenhang m\u00f6chte ich auf denen Blog im Netz verweisen, der sich eingehend mit Vulkanen besch\u00e4ftigt: <a href=\"http:\/\/vulkane.net\/blogmobil\/\" target=\"_blank\">vulkane.net\/blogmobil<\/a><\/p>\n","protected":false},"excerpt":{"rendered":"<p>Ausbr\u00fcche von Vulkanen sind ein beeindruckendes Naturschauspiel. Erst vor kurzem gab es wieder einmal einen solchen Vulkanausbruch auf Island. Seit dem Wochenende hat sich nun auch in Chile der Puyehue-Cordon Caulle nach \u00fcber 50 Jahren \u201azur\u00fcckgemeldet\u2019. \u201eIn den ersten zw\u00f6lf Stunden des Ausbruchs am Samstag waren in der Folge durchschnittlich 240 Erdst\u00f6\u00dfe pro Stunde gemessen &hellip; <a href=\"https:\/\/willizblog.de\/?p=4528\" class=\"more-link\"><span class=\"screen-reader-text\">Wenn der Puyehue spuckt<\/span> weiterlesen <span class=\"meta-nav\">&rarr;<\/span><\/a><\/p>\n","protected":false},"author":1,"featured_media":0,"comment_status":"open","ping_status":"open","sticky":false,"template":"","format":"standard","meta":[],"categories":[20],"tags":[417,408,407,241,416,415,418,419],"_links":{"self":[{"href":"https:\/\/willizblog.de\/index.php?rest_route=\/wp\/v2\/posts\/4528"}],"collection":[{"href":"https:\/\/willizblog.de\/index.php?rest_route=\/wp\/v2\/posts"}],"about":[{"href":"https:\/\/willizblog.de\/index.php?rest_route=\/wp\/v2\/types\/post"}],"author":[{"embeddable":true,"href":"https:\/\/willizblog.de\/index.php?rest_route=\/wp\/v2\/users\/1"}],"replies":[{"embeddable":true,"href":"https:\/\/willizblog.de\/index.php?rest_route=%2Fwp%2Fv2%2Fcomments&post=4528"}],"version-history":[{"count":0,"href":"https:\/\/willizblog.de\/index.php?rest_route=\/wp\/v2\/posts\/4528\/revisions"}],"wp:attachment":[{"href":"https:\/\/willizblog.de\/index.php?rest_route=%2Fwp%2Fv2%2Fmedia&parent=4528"}],"wp:term":[{"taxonomy":"category","embeddable":true,"href":"https:\/\/willizblog.de\/index.php?rest_route=%2Fwp%2Fv2%2Fcategories&post=4528"},{"taxonomy":"post_tag","embeddable":true,"href":"https:\/\/willizblog.de\/index.php?rest_route=%2Fwp%2Fv2%2Ftags&post=4528"}],"curies":[{"name":"wp","href":"https:\/\/api.w.org\/{rel}","templated":true}]}}