{"id":4531,"date":"2011-06-09T10:04:19","date_gmt":"2011-06-09T09:04:19","guid":{"rendered":"http:\/\/www.willizblog.de\/?p=4531"},"modified":"2011-06-09T06:12:30","modified_gmt":"2011-06-09T05:12:30","slug":"the-chieftains-featuring-ry-cooder-san-patricio","status":"publish","type":"post","link":"https:\/\/willizblog.de\/?p=4531","title":{"rendered":"The Chieftains featuring Ry Cooder: San Patricio"},"content":{"rendered":"<p>Was hat Mexiko und Irland musikalisch gemeinsam? Auf dem ersten \u201aBlick\u2019 d\u00fcrfte das nur sehr wenig sein. Aber da gibt es eine musikalische \u201aReise\u2019, die die irische Folkband <a href=\"https:\/\/de.wikipedia.org\/wiki\/The_Chieftains\" target=\"_blank\">The Chieftains<\/a> im Zusammenhang mit <a href=\"https:\/\/de.wikipedia.org\/wiki\/Ry_Cooder\" target=\"_blank\">Ry Cooder<\/a> unternommen hat, die mir komischerweise fast durch die Lappen gegangen w\u00e4re: <a href=\"https:\/\/www.amazon.de\/gp\/product\/B0033AX26I\/ref=as_li_tf_tl?ie=UTF8&#038;tag=familiealbin-21&#038;linkCode=as2&#038;camp=1638&#038;creative=6742&#038;creativeASIN=B0033AX26I\" target=\"_blank\"><strong>San Patricio<\/strong><\/a><img loading=\"lazy\" src=\"https:\/\/www.assoc-amazon.de\/e\/ir?t=familiealbin-21&#038;l=as2&#038;o=3&#038;a=B0033AX26I\" width=\"1\" height=\"1\" border=\"0\" alt=\"\" style=\"border:none !important; margin:0px !important;\" \/> hei\u00dft die CD, auch mit DVD (The Making of San Patricio (documentary)) <a href=\"https:\/\/www.amazon.de\/gp\/product\/B0034U4QLM\/ref=as_li_tf_tl?ie=UTF8&#038;tag=familiealbin-21&#038;linkCode=as2&#038;camp=1638&#038;creative=6742&#038;creativeASIN=B0034U4QLM\" target=\"_blank\"><strong>San Patricio<\/strong> [Deluxe Edition]<\/a><img loading=\"lazy\" src=\"https:\/\/www.assoc-amazon.de\/e\/ir?t=familiealbin-21&#038;l=as2&#038;o=3&#038;a=B0034U4QLM\" width=\"1\" height=\"1\" border=\"0\" alt=\"\" style=\"border:none !important; margin:0px !important;\" \/> erh\u00e4ltlich.<\/p>\n<p>Hierbei handelt es sich um \u201eGeschichtsunterricht auf musikalischem Wege und pr\u00e4sentiert sich nie trocken oder gar altbacken: Gitarren-Altmeister Ry Cooder und die Irish Folk-Gruppierung \u201aThe Chieftains\u2019 haben sich zusammen gefunden, um ein besonderes Kapitel des mexikanisch-amerikanischen Krieges (1846-48) zu erz\u00e4hlen. <\/p>\n<p>Dieser ungew\u00f6hnliche Hintergrund m\u00fcndet in ein ebenso ungew\u00f6hnliches Album: sehr reizvoll gestalten sich die musikalischen Kontraste zwischen irischem Folk und typischer mexikanischer Volksmusik.<\/p>\n<p>Irische Sounds zu einer mexikanisch-amerikanischen Kriegsgeschichte? Dazu kurz der Hintergrund: ein amerikanisches Bataillon unter dem Kommando von Captain John Riley ist von der Rechtm\u00e4\u00dfigkeit des US-Angriffs auf Mexiko nicht \u00fcberzeugt und wechselt die Front. Diese Truppe besteht gr\u00f6\u00dftenteils aus Einwanderen irischer Herkunft, erg\u00e4nzt von anderen Randgruppen wie Schotten, Polen und Deutschen. Die als <a href=\"https:\/\/de.wikipedia.org\/wiki\/San_Patricios\" target=\"_blank\">\u201aSan Patricios&#8216;<\/a> [nach <a href=\"https:\/\/de.wikipedia.org\/wiki\/Patrick_von_Irland\" target=\"_blank\">St. Patrick<\/a>, dem irischen Nationalheiligen] bezeichneten M\u00e4nner gelten in mexikanischen Augen noch immer als gefeierte Helden im Kampf gegen einen ungerechtfertigten \u00dcberfall. Amerika hingegen bezeichnet den verwegenen Haufen bis heute als Verr\u00e4ter und Deserteure.<\/p>\n<p>Diese Story fasziniert Chieftains-Chef Paddy Moloney von jeher. Ry Cooder gilt als Experte f\u00fcr die mexikanische Musikszene. Eine gemeinsame Zusammenarbeit bot sich also geradezu an. Dabei vermengen sie traditionelles Material mit eigens komponierten Songs, dargeboten von einer ganzen Reihe Musiker verschiedenster Nationalit\u00e4ten. Das alles macht \u201aSan Patricio\u2019 zu einem spannenden Schmelztiegel mit besonderer Dramaturgie. Mit S\u00e4ngerin <a href=\"https:\/\/de.wikipedia.org\/wiki\/Linda_Ronstadt\" target=\"_blank\">Linda Ronstadt<\/a> ist ein weiterer gestandener Gaststar dabei. Sie liefert auf \u201aA La Orilla De Un Palmar\u2019 einen eindrucksvollen Auftritt ab. Ry Cooder brilliert auf \u201aThe Sands Of Mexico\u2019.<\/p>\n<p><iframe loading=\"lazy\" width=\"425\" height=\"349\" src=\"https:\/\/www.youtube.com\/embed\/lY0fpWPJQmo\" frameborder=\"0\" allowfullscreen><\/iframe><br \/>\nThe Sands Of Mexico \/ The Chieftains Feat. Ry Cooder <\/p>\n<p>Der Zuh\u00f6rer begibt sich auf eine aufregende Reise: Nach einigen fr\u00f6hlich anmutenden Songs, in dem die Musiker mexikanische und irische Elemente miteinander verweben, schleicht sich immer mehr die Ahnung einer nahenden Katastrophe ein. Marschtrommeln unterlegen \u201aMarch To Battle (Across The Rio Grande)\u2019. Trotz des lauernden Krieges ist die Stimmung dennoch zumeist hoffnungsvoll und verspielt, mitunter gar heroisch. Dem stehen die mit bewusst kontr\u00e4r gesetzter Nachdenklichkeit gesprochenen Parts gegen\u00fcber, f\u00fcr die Schauspieler <a href=\"https:\/\/de.wikipedia.org\/wiki\/Liam_Neeson\" target=\"_blank\">Liam Neeson<\/a> gewonnen werden konnte.<\/p>\n<p>Musikalisch kommt hier kein Einheitsbrei heraus, ganz im Gegenteil: der <a href=\"https:\/\/de.wikipedia.org\/wiki\/Mariachi\" target=\"_blank\">Mariachi<\/a> harmoniert pr\u00e4chtig mit irischer Lebensfreude, Dudels\u00e4cke und Fl\u00f6ten begleiten mexikanische T\u00e4nze. Das ist kein gesichtsloses und vordergr\u00fcndiges Multi-Kulti, sondern eine ehrliche Umarmung zwischen verschiedensten Kulturen. Paddy Moloney \u00fcber \u201aSan Patricio\u2019: \u201aIn diesen Geschichten geht es weniger um Schlachten und Grenzen, als vielmehr um so zeitlose Themen wie Liebe, Verlust und Tr\u00e4ume von besseren Zeiten\u2019. Und das gelingt den beteiligten K\u00fcnstlern auf eindrucksvolle, nachhaltige Weise mitsamt der ewig g\u00fcltigen Botschaft von der Sinnlosigkeit und des Wahnsinns eines Krieges.\u201c (Quelle: <a href=\"http:\/\/www.laut.de\/The-Chieftains-Feat.-Ry-Cooder\/San-Patricio-%28Album%29\" target=\"_blank\">laut.de<\/a>)<\/p>\n<p><iframe loading=\"lazy\" width=\"425\" height=\"349\" src=\"https:\/\/www.youtube.com\/embed\/54PDlicm_94\" frameborder=\"0\" allowfullscreen><\/iframe><br \/>\nSan Patricio EPK (elektronische Pressemappe) mit spanischen Untertiteln &#8211; The Chieftains feat. Ry Cooder <\/p>\n<p>Ry Cooder, dem Weltenbummler in Sachen Musik, schaffte mit der Gruppe <a href=\"http:\/\/www.thechieftains.com\/\" target=\"_blank\">The Chieftains<\/a>, die auch schon immer einmal die Grenzen des Irish Folk \u00fcberschritten haben, ein au\u00dfergew\u00f6hnliches Album, das mexikanische und irische Musik auf besondere Weise zusammenbringt. Wer sich dem \u00f6ffnet, dem steht ein gro\u00dfartiger Musikgenuss bevor.<\/p>\n<p>\u2019reinh\u00f6ren bei amazon.de: <a href=\"https:\/\/www.amazon.de\/gp\/recsradio\/radio\/B0033AX26I\/ref=pd_krex_dp_a\" target=\"_blank\">San Patricio<\/a><\/p>\n","protected":false},"excerpt":{"rendered":"<p>Was hat Mexiko und Irland musikalisch gemeinsam? Auf dem ersten \u201aBlick\u2019 d\u00fcrfte das nur sehr wenig sein. Aber da gibt es eine musikalische \u201aReise\u2019, die die irische Folkband The Chieftains im Zusammenhang mit Ry Cooder unternommen hat, die mir komischerweise fast durch die Lappen gegangen w\u00e4re: San Patricio hei\u00dft die CD, auch mit DVD (The &hellip; <a href=\"https:\/\/willizblog.de\/?p=4531\" class=\"more-link\"><span class=\"screen-reader-text\">The Chieftains featuring Ry Cooder: San Patricio<\/span> weiterlesen <span class=\"meta-nav\">&rarr;<\/span><\/a><\/p>\n","protected":false},"author":1,"featured_media":0,"comment_status":"open","ping_status":"open","sticky":false,"template":"","format":"standard","meta":[],"categories":[44],"tags":[426,422,427,424,425,58,421,423,420],"_links":{"self":[{"href":"https:\/\/willizblog.de\/index.php?rest_route=\/wp\/v2\/posts\/4531"}],"collection":[{"href":"https:\/\/willizblog.de\/index.php?rest_route=\/wp\/v2\/posts"}],"about":[{"href":"https:\/\/willizblog.de\/index.php?rest_route=\/wp\/v2\/types\/post"}],"author":[{"embeddable":true,"href":"https:\/\/willizblog.de\/index.php?rest_route=\/wp\/v2\/users\/1"}],"replies":[{"embeddable":true,"href":"https:\/\/willizblog.de\/index.php?rest_route=%2Fwp%2Fv2%2Fcomments&post=4531"}],"version-history":[{"count":0,"href":"https:\/\/willizblog.de\/index.php?rest_route=\/wp\/v2\/posts\/4531\/revisions"}],"wp:attachment":[{"href":"https:\/\/willizblog.de\/index.php?rest_route=%2Fwp%2Fv2%2Fmedia&parent=4531"}],"wp:term":[{"taxonomy":"category","embeddable":true,"href":"https:\/\/willizblog.de\/index.php?rest_route=%2Fwp%2Fv2%2Fcategories&post=4531"},{"taxonomy":"post_tag","embeddable":true,"href":"https:\/\/willizblog.de\/index.php?rest_route=%2Fwp%2Fv2%2Ftags&post=4531"}],"curies":[{"name":"wp","href":"https:\/\/api.w.org\/{rel}","templated":true}]}}