{"id":454,"date":"2006-04-10T08:22:23","date_gmt":"2006-04-10T06:22:23","guid":{"rendered":"http:\/\/www.albinz.de\/blog\/?p=454"},"modified":"2006-04-12T12:09:01","modified_gmt":"2006-04-12T10:09:01","slug":"jethro-tull-minstrel-in-the-gallery","status":"publish","type":"post","link":"https:\/\/willizblog.de\/?p=454","title":{"rendered":"Jethro Tull: Minstrel in the Gallery"},"content":{"rendered":"<p>Auf meiner <a title=\"Videos auf WilliZ Jethro Tull Website\" href=\"https:\/\/www.albinz.net\/jethrotull\/video.html\" target=\"_blank\">Jethro Tull-Website<\/a> findet sich seit einem Jahr auch ein Live-Ausschnitt des Titels &#8222;Minstrel in the Gallery&#8220;, das die Gruppe 1975 in Paris einspielte. Leider fehlte hierzu der erste Teil des St\u00fcck (eigentlich sind das sogar zwei Teile: Das Lied beginnt mit der akustischen Gitarre und dem Gesang von Ian Anderson, dann kommt der rockige Teil mit E-Gitarre und Bass). Den habe ich jetzt aus dem Konzert in Tampa\/Florida von 1976 (siehe mein Beitrag: <a title=\"Tullavision\" href=\"https:\/\/www.willizblog.de\/?p=367\">Tullavision<\/a>) erg\u00e4nzt.<\/p>\n<table cellspacing=\"0\" cellpadding=\"0\" width=\"90%\" border=\"0\">\n<tr>\n<td style=\"width: 50%\" align=\"center\"><a href=\"https:\/\/www.albinz.net\/jethrotull\/jt_minstrel.html\" target=\"_blank\"><img title=\"Jethro Tull live 1976 in Tampa\/Florida: Minstrel in the Gallery\" alt=\"Jethro Tull live 1976 in Tampa\/Florida: Minstrel in the Gallery\" src=\"https:\/\/www.albinz.net\/jethrotull\/images\/jt_minstrel76.jpg\" border=\"0\" \/><\/a><\/td>\n<td style=\"width: 50%\" align=\"center\"><a href=\"https:\/\/www.albinz.net\/jethrotull\/jt_minstrel.html\" target=\"_blank\"><img loading=\"lazy\" height=\"144\" alt=\"Jethro Tull live 1975 in Paris: Minstrel in the Gallery\" src=\"https:\/\/www.albinz.net\/jethrotull\/images\/jt_minstrel.jpg\" width=\"176\" border=\"0\" \/><\/a><\/td>\n<\/tr>\n<tr>\n<td style=\"width: 50%\" align=\"center\"><font face=\"Lucida Grande, Lucida Sans Unicode, Verdana, sans-serif\" size=\"2\">Jethro Tull live 1976 in Tampa\/Florida: Minstrel in the Gallery (1. Teil)<\/font><\/td>\n<td style=\"width: 50%\" align=\"center\"><font face=\"Lucida Grande, Lucida Sans Unicode, Verdana, sans-serif\" size=\"2\">Jethro Tull live 1975 in Paris: Minstrel in the Gallery (2. Teil)<\/font><\/td>\n<\/tr>\n<\/table>\n<p><em>Video &#8211; klick auf eines der Bilder<\/em><\/p>\n<p>Au\u00dferdem gibt es auf der DVD &#8222;25th Anniversary&#8220; auch noch einen kleinen Ausschnitt aus dem Paris-Konzert, den ich dann in die Mitte des Videos eingef\u00fcgt habe (denn das Ausgangsmaterial von dem Paris-Konzert, das ich besitze, ist doch ziemlich schlecht). So habe ich also aus drei Videosequenzen ein Gesamt-Video zusammengeschnitten.<\/p>\n<p>Ich h\u00e4tte nat\u00fcrlich gleich das gesamte Tampa-1976-Video nehmen k\u00f6nnen. Beim Paris-1975-Konzert spielt aber noch Jeffrey Hammond den Bass. Und da ich ansonsten keine weitere Aufnahme von ihm habe, wollte ich auf diesen Ausschnitt nicht verzichten. John Glascock finden wir auf diversen anderen aufgezeichneten Konzertaufnahmen.<\/p>\n<p><a href=\"http:\/\/babelfish.altavista.com\/babelfish\/trurl_pagecontent?url=https:\/\/www.willizblog.de\/?p=454&#038;lp=de%5Fen\" target=\"_blank\">Translation english<\/a><\/p>\n","protected":false},"excerpt":{"rendered":"<p>Auf meiner Jethro Tull-Website findet sich seit einem Jahr auch ein Live-Ausschnitt des Titels &#8222;Minstrel in the Gallery&#8220;, das die Gruppe 1975 in Paris einspielte. Leider fehlte hierzu der erste Teil des St\u00fcck (eigentlich sind das sogar zwei Teile: Das Lied beginnt mit der akustischen Gitarre und dem Gesang von Ian Anderson, dann kommt der &hellip; <a href=\"https:\/\/willizblog.de\/?p=454\" class=\"more-link\"><span class=\"screen-reader-text\">Jethro Tull: Minstrel in the Gallery<\/span> weiterlesen <span class=\"meta-nav\">&rarr;<\/span><\/a><\/p>\n","protected":false},"author":1,"featured_media":0,"comment_status":"closed","ping_status":"closed","sticky":false,"template":"","format":"standard","meta":[],"categories":[9],"tags":[],"_links":{"self":[{"href":"https:\/\/willizblog.de\/index.php?rest_route=\/wp\/v2\/posts\/454"}],"collection":[{"href":"https:\/\/willizblog.de\/index.php?rest_route=\/wp\/v2\/posts"}],"about":[{"href":"https:\/\/willizblog.de\/index.php?rest_route=\/wp\/v2\/types\/post"}],"author":[{"embeddable":true,"href":"https:\/\/willizblog.de\/index.php?rest_route=\/wp\/v2\/users\/1"}],"replies":[{"embeddable":true,"href":"https:\/\/willizblog.de\/index.php?rest_route=%2Fwp%2Fv2%2Fcomments&post=454"}],"version-history":[{"count":0,"href":"https:\/\/willizblog.de\/index.php?rest_route=\/wp\/v2\/posts\/454\/revisions"}],"wp:attachment":[{"href":"https:\/\/willizblog.de\/index.php?rest_route=%2Fwp%2Fv2%2Fmedia&parent=454"}],"wp:term":[{"taxonomy":"category","embeddable":true,"href":"https:\/\/willizblog.de\/index.php?rest_route=%2Fwp%2Fv2%2Fcategories&post=454"},{"taxonomy":"post_tag","embeddable":true,"href":"https:\/\/willizblog.de\/index.php?rest_route=%2Fwp%2Fv2%2Ftags&post=454"}],"curies":[{"name":"wp","href":"https:\/\/api.w.org\/{rel}","templated":true}]}}