{"id":4548,"date":"2011-06-14T11:12:13","date_gmt":"2011-06-14T10:12:13","guid":{"rendered":"http:\/\/www.willizblog.de\/?p=4548"},"modified":"2014-10-09T12:57:22","modified_gmt":"2014-10-09T11:57:22","slug":"tatort-thiel-und-boerne","status":"publish","type":"post","link":"https:\/\/willizblog.de\/?p=4548","title":{"rendered":"Tatort: Thiel und Boerne"},"content":{"rendered":"<p>Seit einigen Monaten ist der Sonntagabend wieder <a href=\"https:\/\/de.wikipedia.org\/wiki\/Tatort_%28Fernsehreihe%29\" target=\"_blank\">Tatort<\/a>-Zeit bei uns zu Hause. Mein j\u00fcngerer Sohn, der zun\u00e4chst kein gro\u00dfes Interesse an dieser deutschen Krimi-Serie bei der <a href=\"http:\/\/www.ard.de\/\" target=\"_blank\">ARD<\/a> zeigte, ist inzwischen ein gro\u00dfer Fan geworden. Besonders die M\u00fcnsteraner Ermittler, Kriminalhauptkommissar Frank Thiel (gespielt von Axel Prahl) und Gerichtsmediziner Prof. Karl-Friedrich Boerne (Jan Josef Liefers), die seit 2002 ermitteln, haben es nicht nur ihm, sondern uns allen in der Familie angetan.<\/p>\n<p>Die Krimi-TV-Serie <a href=\"http:\/\/www.daserste.de\/tatort\/\" target=\"_blank\">Tatort<\/a> kenne ich eigentlich von Anfang an. Die erste Folge <a href=\"https:\/\/de.wikipedia.org\/wiki\/Taxi_nach_Leipzig\" target=\"_blank\">Taxi nach Leipzig<\/a> habe ich genauso gesehen wie viele Folgen danach. Besonders gemocht habe ich Ermittler wie Kriminalhauptkommissar <a href=\"https:\/\/de.wikipedia.org\/wiki\/Kommissar_Finke\" target=\"_blank\">Finke<\/a> (Klaus Schwarzkopf), Kriminaloberkommissar <a href=\"https:\/\/de.wikipedia.org\/wiki\/Heinz_Haferkamp_(Tatort)\" target=\"_blank\">Heinz Haferkamp<\/a> (Hansj\u00f6rg Felmy) mit seinem Assitenten Kriminalhauptmeister Willi Kreutzer (Willy Semmelrogge) und nat\u00fcrlich Kriminalhauptkommissar <a href=\"https:\/\/de.wikipedia.org\/wiki\/Horst_Schimanski\" target=\"_blank\">Horst Schimanski<\/a> mit seinem Assistenten Kriminalhauptkommissar Christian Thanner. Die beiden Letzteren sind inzwischen geradezu Kult (siehe meinen Beitrag <a href=\"https:\/\/www.willizblog.de\/?p=2019\" target=\"_blank\">Horst Schimanski, Duisburg<\/a>). Unbedingt sehenswert war und ist auch Kriminalhauptkommissarin Lena Odenthal (Ulrike Folkerts). Und als Nordeutscher hatte ich eine besondere Vorliebe f\u00fcr die Kriminalhauptkommissare Paul Stoever (Manfred Krug) und Peter Brockm\u00f6ller (Charles Brauer), die u.a. auf der <a href=\"https:\/\/www.willizblog.de\/?p=2231\" target=\"_blank\">Nordseeinsel Neuwerk<\/a> nach dem M\u00f6rder suchten.<\/p>\n<p>Inzwischen hat die Sendereihe <a href=\"http:\/\/www.daserste.de\/tatort\/beitrag_dyn~uid,b272h5owf8p2fyle~cm.asp\" target=\"_blank\">\u00fcber 40 Jahre auf dem Buckel<\/a> und z\u00e4hlt nach wie vor zu den beliebtesten Sendungen des deutschen Fernsehens. Tatort hat es immer verstanden, auch aktuelle gesellschaftliche Themen aufzugreifen.<\/p>\n<p><iframe loading=\"lazy\" width=\"425\" height=\"349\" src=\"https:\/\/www.youtube.com\/embed\/I4rlHH4ZMBg\" frameborder=\"0\" allowfullscreen><\/iframe><br \/>\nTatort M\u00fcnster &#8211; Der dunkle Fleck <\/p>\n<p>Wie gesagt: zu unseren Lieblingen geh\u00f6ren Thiel und Boerne aus M\u00fcnster. Thiel stammt eigentlich aus Hamburg und ist familienbedingt nach M\u00fcnster gezogen. Er ist Fan des Fu\u00dfballvereins St. Pauli Hamburg und somit \u00f6fter in einem T-Shirt des Vereins zu finden. Und Radfahrer ist er auch. Also ganz salopp. Boerne ist dagegen die Eleganz pers\u00f6nlich. Immer gut gekleidet und reichlich arrogant. Aber doch mit viel Menschlichkeit gesegnet. Es ist einfach herrlich, wie sich die beiden streiten. Und manche Folge ist daher mehr eine Parodie als eine Tatort-Sendung. Besonders die zuletzt ausgestrahlte Folge \u201eDer Fluch der Mumie\u201c (<a href=\"http:\/\/mediathek.daserste.de\/daserste\/servlet\/player?vcrid=crid%3A%2F%2Fdaserste%2Ftatort%2F1405129195\" target=\"_blank\">&#8218;Tatort: Der Fluch der Mumie&#8216;<\/a> in voller L\u00e4nge) ist witzig und dabei durchaus noch spannend.<\/p>\n","protected":false},"excerpt":{"rendered":"<p>Seit einigen Monaten ist der Sonntagabend wieder Tatort-Zeit bei uns zu Hause. Mein j\u00fcngerer Sohn, der zun\u00e4chst kein gro\u00dfes Interesse an dieser deutschen Krimi-Serie bei der ARD zeigte, ist inzwischen ein gro\u00dfer Fan geworden. Besonders die M\u00fcnsteraner Ermittler, Kriminalhauptkommissar Frank Thiel (gespielt von Axel Prahl) und Gerichtsmediziner Prof. Karl-Friedrich Boerne (Jan Josef Liefers), die seit &hellip; <a href=\"https:\/\/willizblog.de\/?p=4548\" class=\"more-link\"><span class=\"screen-reader-text\">Tatort: Thiel und Boerne<\/span> weiterlesen <span class=\"meta-nav\">&rarr;<\/span><\/a><\/p>\n","protected":false},"author":1,"featured_media":0,"comment_status":"open","ping_status":"open","sticky":false,"template":"","format":"standard","meta":[],"categories":[441],"tags":[],"_links":{"self":[{"href":"https:\/\/willizblog.de\/index.php?rest_route=\/wp\/v2\/posts\/4548"}],"collection":[{"href":"https:\/\/willizblog.de\/index.php?rest_route=\/wp\/v2\/posts"}],"about":[{"href":"https:\/\/willizblog.de\/index.php?rest_route=\/wp\/v2\/types\/post"}],"author":[{"embeddable":true,"href":"https:\/\/willizblog.de\/index.php?rest_route=\/wp\/v2\/users\/1"}],"replies":[{"embeddable":true,"href":"https:\/\/willizblog.de\/index.php?rest_route=%2Fwp%2Fv2%2Fcomments&post=4548"}],"version-history":[{"count":0,"href":"https:\/\/willizblog.de\/index.php?rest_route=\/wp\/v2\/posts\/4548\/revisions"}],"wp:attachment":[{"href":"https:\/\/willizblog.de\/index.php?rest_route=%2Fwp%2Fv2%2Fmedia&parent=4548"}],"wp:term":[{"taxonomy":"category","embeddable":true,"href":"https:\/\/willizblog.de\/index.php?rest_route=%2Fwp%2Fv2%2Fcategories&post=4548"},{"taxonomy":"post_tag","embeddable":true,"href":"https:\/\/willizblog.de\/index.php?rest_route=%2Fwp%2Fv2%2Ftags&post=4548"}],"curies":[{"name":"wp","href":"https:\/\/api.w.org\/{rel}","templated":true}]}}