{"id":455,"date":"2006-04-12T12:01:07","date_gmt":"2006-04-12T10:01:07","guid":{"rendered":"http:\/\/www.albinz.de\/blog\/?p=455"},"modified":"2006-04-12T12:01:07","modified_gmt":"2006-04-12T10:01:07","slug":"albinz-im-universum","status":"publish","type":"post","link":"https:\/\/willizblog.de\/?p=455","title":{"rendered":"AlbinZ im Universum"},"content":{"rendered":"<p>Osterzeit ist Ferienzeit und f\u00fcr mich Urlaubszeit, um mit meinen Lieben einige Tage in Ruhe zu verbringen. Da das Wetter in diesen Tagen nicht mitspielt, so sind Aktivit\u00e4ten in geschlossenen R\u00e4umen angesagt. Neben Kino hei\u00dft das ein Besuch in Bremen im <a title=\"Universum Bremen\" href=\"http:\/\/www.universum-bremen.de\/\" target=\"_blank\">Universum<\/a>, dem Science Center. Auf 4.000 m\u00b2 Ausstellungsfl\u00e4che findet man einen faszinierenden Einstieg und zugleich einen spielerischen Zugang zu den Geheimnissen unseres Universums. Die Mitmach-Ausstellung mit ihren \u00fcber 250 Stationen l\u00e4dt zu einem faszinierenden Rundgang durch die Themen &#8222;Mensch&#8220;, &#8222;Erde&#8220; und &#8222;Kosmos&#8220; ein und l\u00e4sst den Besucher zum Wissenschaftler und zur Entdeckerin werden. Man kann sich viele Stunden dort aufhalten. F\u00fcr mich, meine Frau und meine Kindern war es nun am Montag bereits der 4. oder 5. Besuch dort.<\/p>\n<table cellspacing=\"0\" cellpadding=\"0\" width=\"90%\" border=\"0\">\n<tr>\n<td style=\"width: 50%\" align=\"center\"><img loading=\"lazy\" height=\"300\" src=\"https:\/\/www.willizblog.de\/albpics\/universum_bremen_01.jpg\" width=\"201\" border=\"0\" \/><\/td>\n<td style=\"width: 50%\" align=\"center\"><img loading=\"lazy\" height=\"300\" src=\"https:\/\/www.willizblog.de\/albpics\/universum_bremen_02.jpg\" width=\"201\" border=\"0\" \/><\/td>\n<\/tr>\n<tr>\n<td style=\"width: 50%\" align=\"center\"><font face=\"Lucida Grande, Lucida Sans Unicode, Verdana, sans-serif\" size=\"2\">Willi aufgel\u00f6st in Spektralfarben<\/font><\/td>\n<td style=\"width: 50%\" align=\"center\"><font face=\"Lucida Grande, Lucida Sans Unicode, Verdana, sans-serif\" size=\"2\">Jan am hohen Tisch<\/font><\/td>\n<\/tr>\n<tr>\n<td style=\"width: 100%\" align=\"center\" colspan=\"2\"><img loading=\"lazy\" height=\"201\" src=\"https:\/\/www.willizblog.de\/albpics\/universum_bremen_03.jpg\" width=\"300\" border=\"0\" \/><\/td>\n<\/tr>\n<tr>\n<td style=\"width: 100%\" align=\"center\" colspan=\"2\"><font face=\"Lucida Grande, Lucida Sans Unicode, Verdana, sans-serif\" size=\"2\">Christa im Wolkenbereich<\/font><\/td>\n<\/tr>\n<\/table>\n","protected":false},"excerpt":{"rendered":"<p>Osterzeit ist Ferienzeit und f\u00fcr mich Urlaubszeit, um mit meinen Lieben einige Tage in Ruhe zu verbringen. Da das Wetter in diesen Tagen nicht mitspielt, so sind Aktivit\u00e4ten in geschlossenen R\u00e4umen angesagt. Neben Kino hei\u00dft das ein Besuch in Bremen im Universum, dem Science Center. Auf 4.000 m\u00b2 Ausstellungsfl\u00e4che findet man einen faszinierenden Einstieg und &hellip; <a href=\"https:\/\/willizblog.de\/?p=455\" class=\"more-link\"><span class=\"screen-reader-text\">AlbinZ im Universum<\/span> weiterlesen <span class=\"meta-nav\">&rarr;<\/span><\/a><\/p>\n","protected":false},"author":1,"featured_media":0,"comment_status":"closed","ping_status":"closed","sticky":false,"template":"","format":"standard","meta":[],"categories":[20],"tags":[],"_links":{"self":[{"href":"https:\/\/willizblog.de\/index.php?rest_route=\/wp\/v2\/posts\/455"}],"collection":[{"href":"https:\/\/willizblog.de\/index.php?rest_route=\/wp\/v2\/posts"}],"about":[{"href":"https:\/\/willizblog.de\/index.php?rest_route=\/wp\/v2\/types\/post"}],"author":[{"embeddable":true,"href":"https:\/\/willizblog.de\/index.php?rest_route=\/wp\/v2\/users\/1"}],"replies":[{"embeddable":true,"href":"https:\/\/willizblog.de\/index.php?rest_route=%2Fwp%2Fv2%2Fcomments&post=455"}],"version-history":[{"count":0,"href":"https:\/\/willizblog.de\/index.php?rest_route=\/wp\/v2\/posts\/455\/revisions"}],"wp:attachment":[{"href":"https:\/\/willizblog.de\/index.php?rest_route=%2Fwp%2Fv2%2Fmedia&parent=455"}],"wp:term":[{"taxonomy":"category","embeddable":true,"href":"https:\/\/willizblog.de\/index.php?rest_route=%2Fwp%2Fv2%2Fcategories&post=455"},{"taxonomy":"post_tag","embeddable":true,"href":"https:\/\/willizblog.de\/index.php?rest_route=%2Fwp%2Fv2%2Ftags&post=455"}],"curies":[{"name":"wp","href":"https:\/\/api.w.org\/{rel}","templated":true}]}}