{"id":4555,"date":"2011-06-16T10:05:54","date_gmt":"2011-06-16T09:05:54","guid":{"rendered":"http:\/\/www.willizblog.de\/?p=4555"},"modified":"2011-06-15T12:07:45","modified_gmt":"2011-06-15T11:07:45","slug":"frankfurter-buchmesse-gastland-island","status":"publish","type":"post","link":"https:\/\/willizblog.de\/?p=4555","title":{"rendered":"Frankfurter Buchmesse: Gastland Island"},"content":{"rendered":"<p>Vom 12. bis 16. Oktober 2011 findet wiederum die <a href=\"http:\/\/www.buchmesse.de\/\" target=\"_blank\">Frankfurter Buchmesse<\/a> statt. Wie in jedem der letzten Jahre, so gibt es auch diesmal ein Gastland, das einen besonderen Schwerpunkt bildet. 2011 ist das <a href=\"http:\/\/www.buchmesse.de\/de\/fbm\/themen\/ehrengast\/island2011\/\" target=\"_blank\">\u00cdsland<\/a> unter dem Motto <a href=\"http:\/\/www.sagenhaftes-island.is\/de\" target=\"_blank\"><strong>Sagenhaftes Island<\/strong><\/a>.<\/p>\n<p>F\u00fcr ein Land wie <a href=\"https:\/\/de.wikipedia.org\/wiki\/Island\" target=\"_blank\">Island<\/a> mit gerade einmal gut 300.000 Einwohner, aber mit 103000 qkm fast so gro\u00df wie die ehemalige DDR (108333 qkm), ist es sicherlich eine gro\u00dfe Ehre, Gastland einer so <a href=\"https:\/\/de.wikipedia.org\/wiki\/Frankfurter_Buchmesse\" target=\"_blank\">gro\u00dfen Buchmesse<\/a> zu sein. Allerdings hat Island eine <a href=\"https:\/\/de.wikipedia.org\/wiki\/Isl%C3%A4ndische_Literatur\" target=\"_blank\">jahrhundertlange literarische Tradition<\/a>, die mit den <a href=\"https:\/\/de.wikipedia.org\/wiki\/Isl%C3%A4ndersagas\" target=\"_blank\">Isl\u00e4ndersagas<\/a> um 1200 beginnt. Rechtzeitig ver\u00f6ffentlicht der S. Fischer Verlag als Neu\u00fcbersetzungen <a href=\"https:\/\/www.amazon.de\/gp\/product\/310007629X\/ref=as_li_tf_tl?ie=UTF8&#038;tag=familiealbin-21&#038;linkCode=as2&#038;camp=1638&#038;creative=6742&#038;creativeASIN=310007629X\" target=\"_blank\">Die <strong>Isl\u00e4ndersagas<\/strong> in 4 B\u00e4nden mit einem Begleitband<\/a><img loading=\"lazy\" src=\"https:\/\/www.assoc-amazon.de\/e\/ir?t=familiealbin-21&#038;l=as2&#038;o=3&#038;a=310007629X\" width=\"1\" height=\"1\" border=\"0\" alt=\"\" style=\"border:none !important; margin:0px !important;\" \/>. Aber nat\u00fcrlich gl\u00e4nzt Island auch mit zeitgen\u00f6ssischen Autoren wie <a href=\"https:\/\/de.wikipedia.org\/wiki\/Einar_K%C3%A1rason\" target=\"_blank\">Einar K\u00e1rason<\/a>, <a href=\"https:\/\/de.wikipedia.org\/wiki\/Sj%C3%B3n\" target=\"_blank\">Sj\u00f3n<\/a> und <a href=\"https:\/\/de.wikipedia.org\/wiki\/Gyr%C3%B0ir_El%C3%ADasson\" target=\"_blank\">Gyr\u00f0ir El\u00edasson<\/a>, um nur einige zu nennen. Und <a href=\"https:\/\/de.wikipedia.org\/wiki\/Halld%C3%B3r_Laxness\" target=\"_blank\">Halld\u00f3r Laxness<\/a> d\u00fcrfte selbst den Nicht-Island-Kennern ein Begriff sein.<\/p>\n<p><img src=\"https:\/\/www.albinz.net\/images\/island09k.jpg\" alt=\"Willi \u00fcber dem Skaftafellsj\u00f6kull 1990\" title=\"Willi \u00fcber dem Skaftafellsj\u00f6kull 1990\" \/><br \/>\nWilli \u00fcber dem <a href=\"https:\/\/de.wikipedia.org\/wiki\/Skaftafellsj%C3%B6kull\" target=\"_blank\">Skafta<\/a><a href=\"http:\/\/zauber-des-nordens.de\/?tag=skaftafellsjokull\" target=\"_blank\">fellsj\u00f6kull<\/a> 1990<\/p>\n<p>Nat\u00fcrlich freut es mich besonders, dass Island diese Ehre zukommt. Mein Augenmerk und das meiner Familie ist in letzter Zeit wieder sehr auf Island ausgerichtet. So habe ich mich selbst vermehrt mit isl\u00e4ndischer Literatur (z.B. <a href=\"https:\/\/www.willizblog.de\/index.php?s=laxness\" target=\"_blank\">Halld\u00f3r Laxness<\/a> und <a href=\"https:\/\/www.willizblog.de\/index.php?s=karason\" target=\"_blank\">Einar K\u00e1rason<\/a>) besch\u00e4ftigt. Auch wenn es l\u00e4ngst noch nicht amtlich ist, aber f\u00fcr 2013 ist nach dann 23 Jahre eine erneute <a href=\"https:\/\/www.albinz.net\/island.html\" target=\"_blank\">Island-Reise<\/a> geplant. Island ist und bleibt von der Natur und der Kultur her ein faszinierendes Land f\u00fcr mich.<\/p>\n","protected":false},"excerpt":{"rendered":"<p>Vom 12. bis 16. Oktober 2011 findet wiederum die Frankfurter Buchmesse statt. Wie in jedem der letzten Jahre, so gibt es auch diesmal ein Gastland, das einen besonderen Schwerpunkt bildet. 2011 ist das \u00cdsland unter dem Motto Sagenhaftes Island. F\u00fcr ein Land wie Island mit gerade einmal gut 300.000 Einwohner, aber mit 103000 qkm fast &hellip; <a href=\"https:\/\/willizblog.de\/?p=4555\" class=\"more-link\"><span class=\"screen-reader-text\">Frankfurter Buchmesse: Gastland Island<\/span> weiterlesen <span class=\"meta-nav\">&rarr;<\/span><\/a><\/p>\n","protected":false},"author":1,"featured_media":0,"comment_status":"open","ping_status":"open","sticky":false,"template":"","format":"standard","meta":[],"categories":[3],"tags":[439,300,438,440,435,242,436,437,434,433],"_links":{"self":[{"href":"https:\/\/willizblog.de\/index.php?rest_route=\/wp\/v2\/posts\/4555"}],"collection":[{"href":"https:\/\/willizblog.de\/index.php?rest_route=\/wp\/v2\/posts"}],"about":[{"href":"https:\/\/willizblog.de\/index.php?rest_route=\/wp\/v2\/types\/post"}],"author":[{"embeddable":true,"href":"https:\/\/willizblog.de\/index.php?rest_route=\/wp\/v2\/users\/1"}],"replies":[{"embeddable":true,"href":"https:\/\/willizblog.de\/index.php?rest_route=%2Fwp%2Fv2%2Fcomments&post=4555"}],"version-history":[{"count":0,"href":"https:\/\/willizblog.de\/index.php?rest_route=\/wp\/v2\/posts\/4555\/revisions"}],"wp:attachment":[{"href":"https:\/\/willizblog.de\/index.php?rest_route=%2Fwp%2Fv2%2Fmedia&parent=4555"}],"wp:term":[{"taxonomy":"category","embeddable":true,"href":"https:\/\/willizblog.de\/index.php?rest_route=%2Fwp%2Fv2%2Fcategories&post=4555"},{"taxonomy":"post_tag","embeddable":true,"href":"https:\/\/willizblog.de\/index.php?rest_route=%2Fwp%2Fv2%2Ftags&post=4555"}],"curies":[{"name":"wp","href":"https:\/\/api.w.org\/{rel}","templated":true}]}}