{"id":4564,"date":"2011-06-17T10:22:17","date_gmt":"2011-06-17T09:22:17","guid":{"rendered":"http:\/\/www.willizblog.de\/?p=4564"},"modified":"2011-06-16T11:29:09","modified_gmt":"2011-06-16T10:29:09","slug":"fast-unterschlagene-beitrage-%e2%80%93-teil-31","status":"publish","type":"post","link":"https:\/\/willizblog.de\/?p=4564","title":{"rendered":"(Fast) unterschlagene Beitr\u00e4ge \u2013 Teil 31"},"content":{"rendered":"<p><a href=\"http:\/\/fussball.zdf.de\/ZDFsport\/inhalt\/13\/0,5676,8245613,00.html\" target=\"_blank\"><strong>L\u00f6w plant nicht mehr mit Ballack<\/strong><\/a><\/p>\n<p>Es hat lange gedauert, bis es jetzt offiziell geworden ist: Ballack spielt in den Planungen des Fu\u00dfball-Bundestrainers keine Rolle mehr. Warum das so lange \u201abrauchte\u2019, bis es endlich gesagt wurde, wei\u00df wohl nur Herr L\u00f6w. Immerhin gibt es f\u00fcr Ballack ein &#8222;Abschiedspiel&#8220; gegen Brasilien: Der 34-j\u00e4hrige Leverkusener darf am 10. August gegen Brasilien noch sein 99. L\u00e4nderspiel absolvieren. Torsten Frings darf dann h\u00f6chstens zuschauen.<\/p>\n<p><a href=\"http:\/\/www.heute.de\/ZDFheute\/inhalt\/16\/0,3672,8245584,00.html\" target=\"_blank\"><strong>Al Kaida verk\u00fcndet neuen Chef<\/strong><\/a><\/p>\n<p>Keiner ist unersetzlich. Das Generalkommando des Terrornetzwerks Al Kaida hat einen Nachfolger f\u00fcr Osama bin Laden bestimmt. Der \u00c4gypter <a href=\"https:\/\/de.wikipedia.org\/wiki\/Aiman_az-Zawahiri\" target=\"_blank\">Aiman al Sawahiri<\/a> soll demnach als neuer Kopf der Terrorgruppe den &#8222;Heiligen Krieg&#8220; fortf\u00fchren. Eigentlich wachsen der <a href=\"https:\/\/de.wikipedia.org\/wiki\/Hydra_%28Mythologie%29\" target=\"_blank\">Hydra<\/a> doch zwei K\u00f6pfe nach?!<\/p>\n<p><a href=\"http:\/\/www.heute.de\/ZDFheute\/inhalt\/12\/0,3672,8245260,00.html\" target=\"_blank\"><strong>Stell&#8216; dir vor, es ist Kernschmelze und keiner geht hin&#8230;<\/strong><\/a><\/p>\n<p>\u201eDie Atomkatastrophe in Fukushima hat die Welt ver\u00e4ndert, in Deutschland den Atomausstieg beschleunigt. Aber was machen die Japaner selber? Sie machen weiter wie zuvor.\u201c \u201e\u00dcber Atomausstieg wird nicht mal nachgedacht, die Medien sind zahm, die AKW-Betreiber pfuschen und vertuschen und die Politiker schieben sich gegenseitig die Schuld zu. Der Alltag kehrt zur\u00fcck und alles ist wie vorher.\u201c Wie gut, das diese Durchhalte-Mentalit\u00e4t der Japaner nicht auch <a href=\"http:\/\/blogs.pm-magazin.de\/PhilosophieBlog\/stories\/1570\/\" target=\"_blank\">das deutsche Wesen<\/a> pr\u00e4gt.<\/p>\n<p><a href=\"http:\/\/www.heute.de\/ZDFheute\/inhalt\/30\/0,3672,8245598,00.html\" target=\"_blank\"><strong>Rating-Agenturen &#8222;brutal entmachten&#8220;<\/strong><\/a><\/p>\n<p>\u201eSie entwerten Staaten und bringen diese wie Griechenland fast zu Fall: die <a href=\"https:\/\/de.wikipedia.org\/wiki\/Rating\" target=\"_blank\">Rating<\/a>-Agenturen. Ein Unding, sagt Wirtschaftsforscher <a href=\"https:\/\/de.wikipedia.org\/wiki\/Thomas_Straubhaar\" target=\"_blank\">Straubhaar<\/a>. Der \u00d6konom fordert, diese [privaten] Firmen zu entmachten. Sie d\u00fcrften sich nicht zu \u201aG\u00f6ttern in Nadelstreifen\u2019 erheben.\u201c<\/p>\n<p><a href=\"https:\/\/de.wikipedia.org\/wiki\/Standard_%26_Poor%E2%80%99s\" target=\"_blank\">Standard &#038; Poor&#8217;s<\/a> hatte zuletzt griechische Anleihen um drei Bonit\u00e4tsstufen auf den Ramschstatus &#8222;CCC&#8220; gesenkt und damit weitere Pleite-Ger\u00fcchte provoziert. Von denen m\u00f6chte ich meine <a href=\"https:\/\/de.wikipedia.org\/wiki\/Bonit%C3%A4t\" target=\"_blank\">Bonit\u00e4t<\/a> nicht \u00fcberpr\u00fcfen lassen. Ja, das str\u00e4uben sich einem die Haare, Herr Straubhaar!<\/p>\n<p><a href=\"http:\/\/www.zdf.de\/ZDFmediathek\/content\/1361896\" target=\"_blank\"><strong>Mondfinsternis &#8211; so sch\u00f6n kann sie sein<\/strong><\/a><\/p>\n<p>Es war die l\u00e4ngste Mondfinsternis seit mehr als zehn Jahren. In Deutschland versteckte sich der &#8222;Blutmond&#8220; gestern Abend allerdings fast \u00fcberall hinter den Wolken. Das war dann noch nicht einmal ein Blick in den Ofen. <a href=\"http:\/\/www.zdf.de\/ZDFmediathek\/content\/1361896\" target=\"_blank\">Andernorts<\/a> hatten die Fans mehr Gl\u00fcck.<\/p>\n","protected":false},"excerpt":{"rendered":"<p>L\u00f6w plant nicht mehr mit Ballack Es hat lange gedauert, bis es jetzt offiziell geworden ist: Ballack spielt in den Planungen des Fu\u00dfball-Bundestrainers keine Rolle mehr. Warum das so lange \u201abrauchte\u2019, bis es endlich gesagt wurde, wei\u00df wohl nur Herr L\u00f6w. Immerhin gibt es f\u00fcr Ballack ein &#8222;Abschiedspiel&#8220; gegen Brasilien: Der 34-j\u00e4hrige Leverkusener darf am &hellip; <a href=\"https:\/\/willizblog.de\/?p=4564\" class=\"more-link\"><span class=\"screen-reader-text\">(Fast) unterschlagene Beitr\u00e4ge \u2013 Teil 31<\/span> weiterlesen <span class=\"meta-nav\">&rarr;<\/span><\/a><\/p>\n","protected":false},"author":1,"featured_media":0,"comment_status":"open","ping_status":"open","sticky":false,"template":"","format":"standard","meta":[],"categories":[12,4,20],"tags":[],"_links":{"self":[{"href":"https:\/\/willizblog.de\/index.php?rest_route=\/wp\/v2\/posts\/4564"}],"collection":[{"href":"https:\/\/willizblog.de\/index.php?rest_route=\/wp\/v2\/posts"}],"about":[{"href":"https:\/\/willizblog.de\/index.php?rest_route=\/wp\/v2\/types\/post"}],"author":[{"embeddable":true,"href":"https:\/\/willizblog.de\/index.php?rest_route=\/wp\/v2\/users\/1"}],"replies":[{"embeddable":true,"href":"https:\/\/willizblog.de\/index.php?rest_route=%2Fwp%2Fv2%2Fcomments&post=4564"}],"version-history":[{"count":0,"href":"https:\/\/willizblog.de\/index.php?rest_route=\/wp\/v2\/posts\/4564\/revisions"}],"wp:attachment":[{"href":"https:\/\/willizblog.de\/index.php?rest_route=%2Fwp%2Fv2%2Fmedia&parent=4564"}],"wp:term":[{"taxonomy":"category","embeddable":true,"href":"https:\/\/willizblog.de\/index.php?rest_route=%2Fwp%2Fv2%2Fcategories&post=4564"},{"taxonomy":"post_tag","embeddable":true,"href":"https:\/\/willizblog.de\/index.php?rest_route=%2Fwp%2Fv2%2Ftags&post=4564"}],"curies":[{"name":"wp","href":"https:\/\/api.w.org\/{rel}","templated":true}]}}