{"id":4571,"date":"2011-06-19T12:12:22","date_gmt":"2011-06-19T11:12:22","guid":{"rendered":"http:\/\/www.willizblog.de\/?p=4571"},"modified":"2011-06-19T12:12:22","modified_gmt":"2011-06-19T11:12:22","slug":"ist-jogi-low-der-morder","status":"publish","type":"post","link":"https:\/\/willizblog.de\/?p=4571","title":{"rendered":"Ist Jogi L\u00f6w der M\u00f6rder?"},"content":{"rendered":"<p>Wie an anderer Stelle bereit erw\u00e4hnt, so erfreut sich die Krimireihe <a href=\"https:\/\/de.wikipedia.org\/wiki\/Tatort_%28Fernsehreihe%29\" target=\"_blank\">Tatort<\/a> bei uns zu Hause zz. wieder gro\u00dfer Beliebtheit. Neben den <a href=\"https:\/\/www.willizblog.de\/?p=4548\" target=\"_blank\">Ermittlern aus M\u00fcnster<\/a>, Kriminalhauptkommissar Frank Thiel (gespielt von Axel Prahl) und Gerichtsmediziner Prof. Karl-Friedrich Boerne (Jan Josef Liefers), die seit 2002 ermitteln, ist das u.a. Hauptkommissarin Lena Odenthal (<a href=\"https:\/\/de.wikipedia.org\/wiki\/Ulrike_Folkerts\" target=\"_blank\">Ulrike Folkerts<\/a>) aus Ludwigshafen, die bereits seit 1989 in 52 Folgen zu sehen war. Sie ist damit die dienst\u00e4lteste Kommissarin.<\/p>\n<p>Passend zur <a href=\"https:\/\/de.wikipedia.org\/wiki\/Fu%C3%9Fball-Weltmeisterschaft_der_Frauen_2011\" target=\"_blank\">Fu\u00dfball-Weltmeisterschaft der Frauen<\/a>, die heute in einer Woche beginnt, gibt es heute Abend in der <a href=\"http:\/\/www.ard.de\/\" target=\"_blank\">ARD<\/a> ab 20 Uhr 15 den Tatort-Krimi <a href=\"http:\/\/www.daserste.de\/tatort\/sendung.asp?datum=19.06.2011\" target=\"_blank\">Im Abseits<\/a> mit der Hauptkommissarin Lena Odenthal.<\/p>\n<p><em>\u201eFadime G\u00fcl\u00fcc ist eine \u00fcberaus talentierte Fu\u00dfballerin. Mit dem FC Eppheim ist sie bis in die erste Liga aufgestiegen und sie spielt sogar in der Frauennationalmannschaft. Dazu ist sie eine attraktive Frau, die Manager Klaus Meingast zum Aush\u00e4ngeschild des Vereins machen will. Doch dann wird Fadime ermordet. Nach einem Fotoshooting mit dem Fotografen Martin Jansen wird sie erschlagen in der Mannschaftsdusche gefunden.\u201c<\/em><\/p>\n<p>Bemerkenswert an dieser Folge ist, dass die halbe deutsche Frauennationalmannschaft in dem Film mitwirkt. Au\u00dferdem sind als \u201aGaststars\u2019 Herrennationaltrainer Jogi L\u00f6w und <a href=\"https:\/\/de.wikipedia.org\/wiki\/Deutscher_Fu%C3%9Fball-Bund\" target=\"_blank\">DFB<\/a>-Pr\u00e4sident Theo Zwanziger zu sehen. Sollte am Ende vielleicht Jogi L\u00f6w der M\u00f6rder sein?<\/p>\n","protected":false},"excerpt":{"rendered":"<p>Wie an anderer Stelle bereit erw\u00e4hnt, so erfreut sich die Krimireihe Tatort bei uns zu Hause zz. wieder gro\u00dfer Beliebtheit. Neben den Ermittlern aus M\u00fcnster, Kriminalhauptkommissar Frank Thiel (gespielt von Axel Prahl) und Gerichtsmediziner Prof. Karl-Friedrich Boerne (Jan Josef Liefers), die seit 2002 ermitteln, ist das u.a. Hauptkommissarin Lena Odenthal (Ulrike Folkerts) aus Ludwigshafen, die &hellip; <a href=\"https:\/\/willizblog.de\/?p=4571\" class=\"more-link\"><span class=\"screen-reader-text\">Ist Jogi L\u00f6w der M\u00f6rder?<\/span> weiterlesen <span class=\"meta-nav\">&rarr;<\/span><\/a><\/p>\n","protected":false},"author":1,"featured_media":0,"comment_status":"open","ping_status":"open","sticky":false,"template":"","format":"standard","meta":[],"categories":[13,4],"tags":[],"_links":{"self":[{"href":"https:\/\/willizblog.de\/index.php?rest_route=\/wp\/v2\/posts\/4571"}],"collection":[{"href":"https:\/\/willizblog.de\/index.php?rest_route=\/wp\/v2\/posts"}],"about":[{"href":"https:\/\/willizblog.de\/index.php?rest_route=\/wp\/v2\/types\/post"}],"author":[{"embeddable":true,"href":"https:\/\/willizblog.de\/index.php?rest_route=\/wp\/v2\/users\/1"}],"replies":[{"embeddable":true,"href":"https:\/\/willizblog.de\/index.php?rest_route=%2Fwp%2Fv2%2Fcomments&post=4571"}],"version-history":[{"count":0,"href":"https:\/\/willizblog.de\/index.php?rest_route=\/wp\/v2\/posts\/4571\/revisions"}],"wp:attachment":[{"href":"https:\/\/willizblog.de\/index.php?rest_route=%2Fwp%2Fv2%2Fmedia&parent=4571"}],"wp:term":[{"taxonomy":"category","embeddable":true,"href":"https:\/\/willizblog.de\/index.php?rest_route=%2Fwp%2Fv2%2Fcategories&post=4571"},{"taxonomy":"post_tag","embeddable":true,"href":"https:\/\/willizblog.de\/index.php?rest_route=%2Fwp%2Fv2%2Ftags&post=4571"}],"curies":[{"name":"wp","href":"https:\/\/api.w.org\/{rel}","templated":true}]}}