{"id":4603,"date":"2011-06-24T10:51:58","date_gmt":"2011-06-24T09:51:58","guid":{"rendered":"http:\/\/www.willizblog.de\/?p=4603"},"modified":"2011-07-18T09:26:33","modified_gmt":"2011-07-18T08:26:33","slug":"5-tag-nichts-neues-von-der-streikfront","status":"publish","type":"post","link":"https:\/\/willizblog.de\/?p=4603","title":{"rendered":"5. Tag: Nichts Neues von der Streikfront"},"content":{"rendered":"<p>Sommerzeit ist \u201anachrichtentechnisch\u2019 f\u00fcr gew\u00f6hnlich Saure-Gurken-Zeit. Aber wir hier im hohen Norden haben ja weiterhin unseren <a href=\"http:\/\/gdl.de\/\" target=\"_blank\">GDL<\/a>-Streik: Beim <a href=\"http:\/\/www.der-metronom.de\/\" target=\"_blank\">Metronom<\/a> heute den f\u00fcnften Tag (ich habe ausf\u00fchrlich am Mittwoch <a href=\"https:\/\/www.willizblog.de\/?p=4594\" target=\"_blank\">in diesem Blog<\/a> dar\u00fcber berichtet). Ein <a href=\"http:\/\/www.gdl.de\/pmwiki.php?n=Aktuell.Pressemitteilung-1308568458\" target=\"_blank\">Ende ist nicht in Sicht<\/a>. Aber hier im hohen Norden sind auch weitere Bahn-Unternehmen von diesem Streik betroffen: Seit dem 17.06., 15 Uhr, bestreikt die GDL die <a href=\"http:\/\/www.gdl.de\/pmwiki.php?n=Aktuell.Pressemitteilung-1308313664\" target=\"_blank\">Nord-Ostseebahn<\/a>. Und seit gestern Morgen ist auch wieder die <a href=\"http:\/\/www.gdl.de\/pmwiki.php?n=Aktuell.Pressemitteilung-1308813319\" target=\"_blank\">AKN<\/a> im Norden Hamburgs betroffen.<\/p>\n<p><em>Wer es nicht mehr h\u00f6ren oder lesen kann (oder wen die ganze Chose nicht interessiert), sei entschuldigt. Wir lesen uns morgen sicherlich wieder &#8230; <\/em><\/p>\n<p>Ich brauche nicht zu betonen, dass dieser Streik langsam \u201a\u00e4tzend\u2019 ist. Allerdings zeigt sich, dass zumindest beim Metronom die Streikverweigerer zunehmen. Es sieht so aus, als w\u00fcrden von Tag zu Tag immer mehr Z\u00fcge fahren (vielleicht verlagern sich aber auch nur die Schwerpunkte und zz. wird die Strecke Hamburg-Bremen \u00f6fter bedient, so genau will ich es nicht wissen). Metronom hat es endlich auch geschafft, zum Tagesbeginn eine Art Notfallfahrplan zu erstellen.<\/p>\n<p>Was bedeutet der Streik f\u00fcr mich? Da ich f\u00fcr gew\u00f6hnlich ziemlich fr\u00fch am Morgen zur Arbeit fahre, habe ich hier echte Probleme. Mein gro\u00dfer Sohn hat sinnigerweise unser Auto am letzten Wochenende mit nach G\u00f6ttingen genommen. So entf\u00e4llt die Selbstfahrerei (auf die ich aber auch sonst verzichten w\u00fcrde). Mitfahrgelegenheiten gibt es zwar f\u00fcr mich, aber leider nur deutlich sp\u00e4ter am Morgen. Einmal wurde ich bis Hamburg-Harburg mitgenommen und geriet so gegen 7 Uhr 30 in Stop-and-Go-Verkehr gleich schon ab Tostedt. Das war nicht das Gelbe vom Ei.<\/p>\n<p>Da Tostedt mit zum Bereich des <a href=\"http:\/\/www.hvv.de\/\" target=\"_blank\">Hamburger Verkehrsverbundes (HVV)<\/a> geh\u00f6rt, habe ich einmal ausf\u00fchrlicher den HVV-Fahrplan studiert und alle Verbindungen (Bahn und Busse) herausgesucht, die irgendwie meinen Wohnort kreuzen. Und tats\u00e4chlich habe ich einen Bus gefunden, der zu meiner \u00fcblichen Abfahrzeit startet. Nur f\u00e4hrt dieser nicht in westnordwestliche, sondern mehr in nordnordwestliche Richtung. Immerhin lande ich so in Neu Wulmstorf an einer S-Bahnstation, von der ich dann den Weg weiter (eher: zur\u00fcck) nach Harburg antreten kann. Betrachtet man das einmal grafisch (mit Hilfe eines ann\u00e4hernd <a href=\"https:\/\/de.wikipedia.org\/wiki\/Gleichseitiges_Dreieck\" target=\"_blank\">gleichseitigen Dreiecks<\/a>), dann verdoppelt sich nicht nur die Strecke bis Harburg, sondern auch die Zeit, die ich jetzt brauche (im Klartext: 40 Minuten mehr Fahrzeit).<\/p>\n<p><img src=\"https:\/\/www.willizblog.de\/blogpicts\/hvv4710.jpg\" alt=\"Tostedt \u00fcber Neu Wulmstorf nach HH-Harburg\" title=\"Tostedt \u00fcber Neu Wulmstorf nach HH-Harburg\" \/><\/p>\n<p>Zum Feierabend hin kann ich dann wenigstens einen der noch verkehrenden Metronom-Zug nach Hause nehmen (wenn auch nicht immer zu meiner Zeit, oft \u00fcbervoll und zudem ein Bummelzug).<\/p>\n<p>Besonders betroffen ist allerdings mein Sohn, der um 8 Uhr in Stade sein muss. Er k\u00f6nnte zwar mit mir morgens fahren (dann w\u00e4re er aber viel zu fr\u00fch in seiner Schule) oder er muss es in Kauf nehmen, mit dem ersten Zug, der dann mit Versp\u00e4tung und \u00fcberf\u00fcllt von Bremen bei uns eintrudelt, viel zu sp\u00e4t zur Schule zu kommen. Das gilt nat\u00fcrlich f\u00fcr alle Sch\u00fcler, die auf die Bahn angewiesen sind. Vielen Dank, GDL! Vielen Dank, Metronom! Und auch vielen Dank, HVV, denn innerhalb des HVV verkehrt ja der Metronom. Hier ein kleiner <a href=\"http:\/\/twitter.com\/#!\/fahrgastbeirat\/status\/83478338139721728\" target=\"_blank\">Gedankenansto\u00df<\/a> vom 3. Streiktag &#8211; bei Twitter gefunden:<\/p>\n<p><a href=\"http:\/\/twitter.com\/#!\/Fahrgastbeirat\" target=\"_blank\">@fahrgastbeirat<\/a><\/p>\n<p><strong><a href=\"http:\/\/twitter.com\/#!\/willizblog\" target=\"_blank\">@willizblog<\/a> Lokf\u00fchrerstreik Tag 3: Landesnahverkehrsgesellschaft + HVV tun weiter so, als ginge es sie nichts an, ob Z\u00fcge fahren oder nicht.<br \/>\n<\/strong><\/p>\n<p>Oder wie heute <a href=\"http:\/\/twitter.com\/#!\/fahrgastbeirat\/status\/84171089755897856\" target=\"_blank\">getwittert<\/a>:<\/p>\n<p><strong>Lokf\u00fchrerstreik: Der #HVV sollte \u00fcberlegen, wie Pendler entsch\u00e4digt werden. Oder will der HVV weiter unverdrossen Abo-Entgelte abbuchen?<\/strong><\/p>\n<p>\u00dcbrigens war der <a href=\"http:\/\/www.fahrgastbeirat.org\/\" target=\"_blank\">Fahrgastbeirat f\u00fcr den Landkreis Harburg<\/a> der einzigste, der sich herabgelassen hat, auf meinen Beitrag <a href=\"https:\/\/www.willizblog.de\/?p=4594\" target=\"_blank\">GDL-Streik: Privatisierung der Bahn fehlgeschlagen?!<\/a> (per Mail oder \u00fcber Web-Formulare von mir verschickt) zu antworten. Und das prompt noch am gleichen Tag:<\/p>\n<p><em>Sehr geehrter Herr Albin,<\/em><\/p>\n<p><em>vielen Dank f\u00fcr Ihre Nachricht, die ich mit Interesse gelesen<br \/>\nhabe.<\/em><\/p>\n<p><em>Als Fahrgastbeirat besitzen wir kein Mandat, in der aktuellen<br \/>\nTarifauseinandersetzung zwischen der GDL einerseits und der<br \/>\nmetronom Eisenbahngesellschaft mbH andererseits Partei zu ergreifen.<br \/>\nAus diesem Grund haben wir von einer \u00f6ffentlichen Stellungnahme<br \/>\nbisher abgesehen.<\/em><\/p>\n<p><em>Sollte der Streik der GDL-Lokf\u00fchrer andauern, werden wir uns sehr<br \/>\nwahrscheinlich f\u00fcr Kompensationsma\u00dfnahmen f\u00fcr die metronom-Kunden<br \/>\neinsetzen. Dazu sind interne Abstimmungen erforderlich. Wir werden uns<br \/>\ndann zu gegebenem Zeitpunkt auch \u00f6ffentlich zu Wort melden.<\/em><\/p>\n<p><em>Mit freundlichen Gr\u00fc\u00dfen<\/em><\/p>\n<p><em>Klaus Steinfatt.<br \/>\nFahrgastbeirat f\u00fcr den Landkreis Harburg<br \/>\nSprecher der Arbeitsgruppe Bahn<\/em><\/p>\n<p>Weder <a href=\"mailto:info@der-metronom.de\">Metronom<\/a>, die <a href=\"mailto:bezirk-nord@gdl-nord.de\">GDL Nord<\/a>, noch die <a href=\"mailto:online@lnvg.de\">Landesnahverkehrsgesellschaft Niedersachsen<\/a> oder der <a href=\"https:\/\/www.hvv.de\/kontakt\/kontaktformular-allgemein\/index.php?\" target=\"_blank\">HVV<\/a> haben sich bis jetzt bei mir gemeldet.<\/p>\n<p>Nun meinen Zug zur\u00fcck heute nach Hause habe ich bereits auserkoren und hoffe dann auch, halbwegs p\u00fcnktlich nach Hause zu kommen. Mein gro\u00dfer Sohn hat es wohl schon geahnt und kommt heute Abend mit unserem Auto nach Hause (er m\u00fcsste sonst mit dem Metronom von G\u00f6ttingen \u00fcber Hannover nach Uelzen, weiter nach Hamburg und von dort Richtung Bremen fahren; wahrscheinlich w\u00fcrde er heute nicht mehr ankommen).<\/p>\n<p>Wie gesagt: Ein Ende des Streiks sehe ich noch nicht. Bei der Ostdeutschen Eisenbahn GmbH (ODEG) hatte die GDL geschlagene elf Tage bis zum Montagmorgen gestreikt, um gestern Morgen den Streik wieder aufzunehmen. Warum sollte es mir und all den anderen Fahrg\u00e4sten des Metronom besser ergehen.<\/p>\n","protected":false},"excerpt":{"rendered":"<p>Sommerzeit ist \u201anachrichtentechnisch\u2019 f\u00fcr gew\u00f6hnlich Saure-Gurken-Zeit. Aber wir hier im hohen Norden haben ja weiterhin unseren GDL-Streik: Beim Metronom heute den f\u00fcnften Tag (ich habe ausf\u00fchrlich am Mittwoch in diesem Blog dar\u00fcber berichtet). Ein Ende ist nicht in Sicht. Aber hier im hohen Norden sind auch weitere Bahn-Unternehmen von diesem Streik betroffen: Seit dem 17.06., &hellip; <a href=\"https:\/\/willizblog.de\/?p=4603\" class=\"more-link\"><span class=\"screen-reader-text\">5. Tag: Nichts Neues von der Streikfront<\/span> weiterlesen <span class=\"meta-nav\">&rarr;<\/span><\/a><\/p>\n","protected":false},"author":1,"featured_media":0,"comment_status":"open","ping_status":"open","sticky":false,"template":"","format":"standard","meta":[],"categories":[22],"tags":[],"_links":{"self":[{"href":"https:\/\/willizblog.de\/index.php?rest_route=\/wp\/v2\/posts\/4603"}],"collection":[{"href":"https:\/\/willizblog.de\/index.php?rest_route=\/wp\/v2\/posts"}],"about":[{"href":"https:\/\/willizblog.de\/index.php?rest_route=\/wp\/v2\/types\/post"}],"author":[{"embeddable":true,"href":"https:\/\/willizblog.de\/index.php?rest_route=\/wp\/v2\/users\/1"}],"replies":[{"embeddable":true,"href":"https:\/\/willizblog.de\/index.php?rest_route=%2Fwp%2Fv2%2Fcomments&post=4603"}],"version-history":[{"count":0,"href":"https:\/\/willizblog.de\/index.php?rest_route=\/wp\/v2\/posts\/4603\/revisions"}],"wp:attachment":[{"href":"https:\/\/willizblog.de\/index.php?rest_route=%2Fwp%2Fv2%2Fmedia&parent=4603"}],"wp:term":[{"taxonomy":"category","embeddable":true,"href":"https:\/\/willizblog.de\/index.php?rest_route=%2Fwp%2Fv2%2Fcategories&post=4603"},{"taxonomy":"post_tag","embeddable":true,"href":"https:\/\/willizblog.de\/index.php?rest_route=%2Fwp%2Fv2%2Ftags&post=4603"}],"curies":[{"name":"wp","href":"https:\/\/api.w.org\/{rel}","templated":true}]}}