{"id":461,"date":"2006-04-21T05:30:08","date_gmt":"2006-04-21T03:30:08","guid":{"rendered":"http:\/\/www.albinz.de\/blog\/?p=461"},"modified":"2006-04-21T11:41:12","modified_gmt":"2006-04-21T09:41:12","slug":"erneuerbare-energien","status":"publish","type":"post","link":"https:\/\/willizblog.de\/?p=461","title":{"rendered":"Erneuerbare Energien"},"content":{"rendered":"<p>K\u00fcrzlich erreichte meine Frau eine Mail mit folgendem Inhalt:<\/p>\n<p><em>F\u00fcr die Abl\u00f6se der fossilen und atomaren Energie ist es unumg\u00e4nglich, der \u00d6ffentlichkeit vor Augen zu halten, dass die weltweite Versorgung mit erneuerbaren Energien kein technologisches Problem ist, sondern der Durchbruch von den \u00d6l- und Atomlobbys mit allen Mitteln verhindert bzw. verz\u00f6gert wird.<\/em><\/p>\n<p><em>Wirtschaftswachstum geht immer mit technologischem Fortschritt einher. Am \u00d6l festzuhalten wird somit kaum zu einem anhaltenden Wachstum f\u00fchren. Die gewaltigen Chancen wie<\/em><\/p>\n<p><em>&#8211; umfangreiches Wirtschaftswachstum durch neue Energiestrukturen (Sonne, Wind, Biomasse, Erdw\u00e4rme usw.) bis zur\u00a0Wasserstoffgewinnung mit erneuerbaren Energien (Energietr\u00e4ger f\u00fcr Fahrzeug-, Flug- u. Schiffsverkehr)<br \/>\n&#8211; Unabh\u00e4ngigkeit von \u00d6limport<br \/>\n&#8211; absehbares Ende von \u00d6l und Uran<br \/>\n&#8211; Beruhigung der Krisenherde und von deren ausgehenden Terrorismus<br \/>\n&#8211; Null-Emissionsaussto\u00df und Klimaschutz<br \/>\n&#8211; volkswirtschaftlicher Profit durch Einsparungen im Gesundheitswesen<br \/>\n&#8211; Reduktion von Naturkatastrophen und deren Kosten<\/em><\/p>\n<p><em>sollten auch \u201eden gr\u00f6\u00dften Skeptiker\u201c \u00fcberzeugen.<\/em><\/p>\n<p><em>Die &#8222;alten Energien&#8220; gehen zu Ende. Sie werden immer teurer, zerst\u00f6ren die Umwelt und produzieren Kriege. Die erneuerbaren Energien stehen f\u00fcr alle Zeit und \u00fcberall zur Verf\u00fcgung. Die Staaten, die den raschen Umstieg auf regenerative Energien anstreben, werden \u00f6konomisch und \u00f6kologisch stark profitieren. Dies wird nach und nach weltweit zur Nachahmung f\u00fchren.<\/em><\/p>\n<p><em>Da Deutschland zu den f\u00fchrenden L\u00e4ndern in der erneuerbaren Energie-Branche z\u00e4hlt (haupts\u00e4chlich im Photovoltaik-Sektor) w\u00fcrde es bei einem raschen Umstieg auf erneuerbare Energien als einer der ersten L\u00e4nder Wirtschaftlich und Umwelttechnisch stark profitieren.<br \/>\n\u00a0<br \/>\nIm Anschluss befinden sich einige Ausz\u00fcge aus dem Buch \u201eEnergieautonomie &#8211; Eine neue Politik f\u00fcr erneuerbare Energien\u201c von Hermann Scheer (1998 Weltsolarpreis; 1999 Alternativer Nobelpreis; 2000 Weltpreis f\u00fcr Bioenergie; 2004 Weltpreis f\u00fcr Windenergie), in denen Fakten thematisiert sind, die in Politik und Medien tabuisiert werden!<\/em><\/p>\n<p><em>Durch das Bewusstsein der \u00d6ffentlichkeit \u00fcber die gewaltigen Chancen der regenerativen Energien, kann rasch die fossile und atomare Energie abgel\u00f6st werden.<\/em><\/p>\n<p><a title=\"Erneuerbare Energien\" href=\"https:\/\/www.albinz.net\/erneuerbare_energien.html\" target=\"_blank\">[weiter]<\/a><\/p>\n","protected":false},"excerpt":{"rendered":"<p>K\u00fcrzlich erreichte meine Frau eine Mail mit folgendem Inhalt: F\u00fcr die Abl\u00f6se der fossilen und atomaren Energie ist es unumg\u00e4nglich, der \u00d6ffentlichkeit vor Augen zu halten, dass die weltweite Versorgung mit erneuerbaren Energien kein technologisches Problem ist, sondern der Durchbruch von den \u00d6l- und Atomlobbys mit allen Mitteln verhindert bzw. verz\u00f6gert wird. Wirtschaftswachstum geht immer &hellip; <a href=\"https:\/\/willizblog.de\/?p=461\" class=\"more-link\"><span class=\"screen-reader-text\">Erneuerbare Energien<\/span> weiterlesen <span class=\"meta-nav\">&rarr;<\/span><\/a><\/p>\n","protected":false},"author":1,"featured_media":0,"comment_status":"closed","ping_status":"closed","sticky":false,"template":"","format":"standard","meta":[],"categories":[20],"tags":[],"_links":{"self":[{"href":"https:\/\/willizblog.de\/index.php?rest_route=\/wp\/v2\/posts\/461"}],"collection":[{"href":"https:\/\/willizblog.de\/index.php?rest_route=\/wp\/v2\/posts"}],"about":[{"href":"https:\/\/willizblog.de\/index.php?rest_route=\/wp\/v2\/types\/post"}],"author":[{"embeddable":true,"href":"https:\/\/willizblog.de\/index.php?rest_route=\/wp\/v2\/users\/1"}],"replies":[{"embeddable":true,"href":"https:\/\/willizblog.de\/index.php?rest_route=%2Fwp%2Fv2%2Fcomments&post=461"}],"version-history":[{"count":0,"href":"https:\/\/willizblog.de\/index.php?rest_route=\/wp\/v2\/posts\/461\/revisions"}],"wp:attachment":[{"href":"https:\/\/willizblog.de\/index.php?rest_route=%2Fwp%2Fv2%2Fmedia&parent=461"}],"wp:term":[{"taxonomy":"category","embeddable":true,"href":"https:\/\/willizblog.de\/index.php?rest_route=%2Fwp%2Fv2%2Fcategories&post=461"},{"taxonomy":"post_tag","embeddable":true,"href":"https:\/\/willizblog.de\/index.php?rest_route=%2Fwp%2Fv2%2Ftags&post=461"}],"curies":[{"name":"wp","href":"https:\/\/api.w.org\/{rel}","templated":true}]}}