{"id":4614,"date":"2011-06-28T10:09:47","date_gmt":"2011-06-28T09:09:47","guid":{"rendered":"http:\/\/www.willizblog.de\/?p=4614"},"modified":"2011-06-27T12:16:26","modified_gmt":"2011-06-27T11:16:26","slug":"von-beeren-und-baren","status":"publish","type":"post","link":"https:\/\/willizblog.de\/?p=4614","title":{"rendered":"Von Beeren und B\u00e4ren"},"content":{"rendered":"<p>Sommerzeit ist f\u00fcr mich Beerenzeit. Ich liebe die kleinen Fr\u00fcchtchen, ob Erdbeere, Stachel- oder Johannisbeere (rot oder schwarz), ob Heidel-, auch Blaubeere genannt (hier im hohen Norden nennt man sie auch Bickbeere), oder Himbeere. Und die Brombeere kommt ja noch. Im eigenen Garten haben wir neben einem Busch Stachelbeeren auch mehrere St\u00e4ucher Johannisbeeren sowie einen Busch <a href=\"https:\/\/de.wikipedia.org\/wiki\/Jostabeere\" target=\"_blank\">Jostabeeren<\/a>, eine Kreuzung als Johannis- und Stachelbeere. Und einige Erdbeerpflanzen gibt es auch bei uns f\u00fcr den Hand-in-den-Mund-Verzehr.<\/p>\n<p>F\u00fcr mich verbinden sich diese k\u00f6stlichen Fr\u00fcchte vor allem mit Ferien und Urlaub. Es ist lange her, da fuhr ich in den gro\u00dfen Ferien oft zu meiner Tante Ruth und meinen Gro\u00dfeltern, die in einem kleinen Ort namens Berghausen, gut einen Kilometer oberhalb von <a href=\"http:\/\/www.oberpleis.com\/\" target=\"_blank\">Oberpleis<\/a>, wohnten (siehe meinen Beitrag: <a href=\"https:\/\/www.willizblog.de\/?p=458\" target=\"_blank\">Drachenfels<\/a>). Dort gab es einen gro\u00dfen Garten und am Ende davon mehrere Str\u00e4ucher mit Himbeeren. Kaum dort angekommen, war mein erster Weg hin zu den Himbeeren, daumengro\u00df, die mich f\u00f6rmlich anl\u00e4chelten. Und geschmeckt haben die, wie keine dieser Zuchtfr\u00fcchte, die man heute kaufen kann.<\/p>\n<p>In Erinnerung sind mir auch jene leckeren Walderdbeeren, die ich \u2013 inzwischen erwachsen und Vater von zwei kleinen S\u00f6hnen \u2013 in dem W\u00e4ldern im <a href=\"https:\/\/www.albinz.net\/zillertal.html\" target=\"_blank\">Zillertal<\/a> gekostet habe. 1997 war das. Und meinen S\u00f6hnen haben diese besonders aromatischen Beeren nat\u00fcrlich auch geschmeckt.<\/p>\n<p>Dann war ich mit meinen Lieben zweimal in <a href=\"https:\/\/www.albinz.net\/grainau.html\" target=\"_blank\">Grainau<\/a>, unmittelbar bei der <a href=\"https:\/\/de.wikipedia.org\/wiki\/Zugspitze\" target=\"_blank\">Zugspitze<\/a>. Das war 2002 und dann f\u00fcnf Jahre sp\u00e4ter, <a href=\"https:\/\/www.youtube.com\/watch?v=7X5InQWYUBg\" target=\"_blank\">2007<\/a>, noch einmal. Dort in der N\u00e4he liegt der <a href=\"https:\/\/de.wikipedia.org\/wiki\/Eibsee\" target=\"_blank\">Eibsee<\/a>. Und in den W\u00e4ldern, die den See s\u00e4umen, gibt es jede Menge Heidelbeeren in dieser Sommerzeit. Auf einem Rundgang um den See haben wir einmal einen ganzen Beutel voll gepfl\u00fcckt und diese dann u.a. in der Ferienwohnung zu Blaubeerpfannkuchen verarbeitet. Selten haben Pfannkuchen so gut geschmeckt.<\/p>\n<p>Da wir gerade einen Ausflug nach Grainau unternehmen. Es ist inzwischen \u00fcber f\u00fcnf Jahre her, dass dort ein Braunb\u00e4r sein \u201eUnwesen\u201c trieb: <\/p>\n<p><a href=\"https:\/\/de.wikipedia.org\/wiki\/JJ1\" target=\"_blank\">JJ1<\/a>, bekannt geworden als \u201eBruno\u201c (* 2004; \u2020 26. Juni 2006 in Bayern), war ein Braunb\u00e4r, der im Mai 2006 aus der italienischen Provinz Trentino nach Norden wanderte, sich im bayerisch-\u00f6sterreichischen Grenzgebiet l\u00e4ngere Zeit aufhielt und mehrfach die Landesgrenze \u00fcberschritt. Es war seit \u00fcber 170 Jahren der erste Braunb\u00e4r, der in Deutschland in freier Wildbahn auftrat. Der letzte Braunb\u00e4r war 1835 im bayerischen Ruhpolding erlegt worden.<\/p>\n<p><img src=\"https:\/\/www.willizblog.de\/blogpicts\/bruno_baer_grainau_2007.jpg\" alt=\"\u201aDenkmal\u2019 f\u00fcr Bruno, den B\u00e4ren, in Grainau\" title=\"\u201aDenkmal\u2019 f\u00fcr Bruno, den B\u00e4ren, in Grainau\" \/><\/p>\n<p>In diesen Tagen vor f\u00fcnf Jahren wurde Bruno, der B\u00e4r, also in die \u201aewigen Jagdgr\u00fcnde\u2019 geschickt. Obwohl dieser Braunb\u00e4r mehrere H\u00fchner in einem <a href=\"http:\/\/www.focus.de\/fotos\/in-dem-bei-grainau-gelegenen-stall-toetete-der-baer-mehrere-huehner_mid_125354.html\" target=\"_blank\">bei Grainau<\/a> gelegenen Stall t\u00f6tete, hat man ihm in der Ortsmitte von Grainau gewisserma\u00dfen ein Denkmal gesetzt.<\/p>\n<p>Und zuletzt, da wir schon einmal bei Beeren und B\u00e4ren sind, m\u00f6chte ich noch einmal die Sammelleidenschaft meiner Frau erw\u00e4hnen: <a href=\"https:\/\/www.willizblog.de\/?cat=45\" target=\"_blank\">Christas B\u00e4rchensammlung<\/a><\/p>\n<p><img src=\"https:\/\/www.willizblog.de\/blogpicts\/baerchen17_steiff_2008_06_22.jpg\" alt=\"Christas B\u00e4rchensammlung: Steiff\" title=\"Christas B\u00e4rchensammlung: Steiff\" \/><\/p>\n","protected":false},"excerpt":{"rendered":"<p>Sommerzeit ist f\u00fcr mich Beerenzeit. Ich liebe die kleinen Fr\u00fcchtchen, ob Erdbeere, Stachel- oder Johannisbeere (rot oder schwarz), ob Heidel-, auch Blaubeere genannt (hier im hohen Norden nennt man sie auch Bickbeere), oder Himbeere. Und die Brombeere kommt ja noch. Im eigenen Garten haben wir neben einem Busch Stachelbeeren auch mehrere St\u00e4ucher Johannisbeeren sowie einen &hellip; <a href=\"https:\/\/willizblog.de\/?p=4614\" class=\"more-link\"><span class=\"screen-reader-text\">Von Beeren und B\u00e4ren<\/span> weiterlesen <span class=\"meta-nav\">&rarr;<\/span><\/a><\/p>\n","protected":false},"author":1,"featured_media":0,"comment_status":"open","ping_status":"open","sticky":false,"template":"","format":"standard","meta":[],"categories":[45,16,10],"tags":[],"_links":{"self":[{"href":"https:\/\/willizblog.de\/index.php?rest_route=\/wp\/v2\/posts\/4614"}],"collection":[{"href":"https:\/\/willizblog.de\/index.php?rest_route=\/wp\/v2\/posts"}],"about":[{"href":"https:\/\/willizblog.de\/index.php?rest_route=\/wp\/v2\/types\/post"}],"author":[{"embeddable":true,"href":"https:\/\/willizblog.de\/index.php?rest_route=\/wp\/v2\/users\/1"}],"replies":[{"embeddable":true,"href":"https:\/\/willizblog.de\/index.php?rest_route=%2Fwp%2Fv2%2Fcomments&post=4614"}],"version-history":[{"count":0,"href":"https:\/\/willizblog.de\/index.php?rest_route=\/wp\/v2\/posts\/4614\/revisions"}],"wp:attachment":[{"href":"https:\/\/willizblog.de\/index.php?rest_route=%2Fwp%2Fv2%2Fmedia&parent=4614"}],"wp:term":[{"taxonomy":"category","embeddable":true,"href":"https:\/\/willizblog.de\/index.php?rest_route=%2Fwp%2Fv2%2Fcategories&post=4614"},{"taxonomy":"post_tag","embeddable":true,"href":"https:\/\/willizblog.de\/index.php?rest_route=%2Fwp%2Fv2%2Ftags&post=4614"}],"curies":[{"name":"wp","href":"https:\/\/api.w.org\/{rel}","templated":true}]}}