{"id":4617,"date":"2011-06-29T10:01:31","date_gmt":"2011-06-29T09:01:31","guid":{"rendered":"http:\/\/www.willizblog.de\/?p=4617"},"modified":"2011-06-28T08:31:22","modified_gmt":"2011-06-28T07:31:22","slug":"sommer-1965","status":"publish","type":"post","link":"https:\/\/willizblog.de\/?p=4617","title":{"rendered":"Sommer 1965"},"content":{"rendered":"<p>F\u00fcr heute k\u00fcndigt sich ein weiterer hei\u00dfer Sommertag an. Temperaturen von fast wieder 30 \u00b0C erwarten uns. Aber der Luftdruck f\u00e4llt bereits seit gestern und f\u00fcr sp\u00e4testens heute Abend ist Gewitter angek\u00fcndigt. Dann soll es wieder frisch und regnerisch werden.<\/p>\n<p>Von meinen Eltern habe ich einige Fotos \u201ageerbt\u2019; u.a. eines vom August 1965, als ich gerade einmal elf Jahre alt war. Es zeigt mich (im Anzug) zusammen mit meiner Gro\u00dfmutter, meiner Tante Ruth, meinem Cousin Klaus und meiner Cousine Ursula im K\u00f6lner Zoo.<\/p>\n<p><img src=\"https:\/\/www.willizblog.de\/blogpicts\/koeln_1965_august_willi_ursula.jpg\" alt=\"Willi mit Verwandtschaft (Cousine Ursula) im K\u00f6lner Zoo\" title=\"Willi mit Verwandtschaft (Cousine Ursula) im K\u00f6lner Zoo\" \/><\/p>\n<p>Es war der Abschluss mehrere Ferienwochen, die ich zuvor bei meinen Gro\u00dfeltern in dem kleinen Ort Berghausen bei Oberpleis zugebracht hatte. Auch Klaus und Ursula waren dort. In meinen Beitr\u00e4ge <a href=\"https:\/\/www.willizblog.de\/?p=4614\" target=\"_blank\">Von Beeren und B\u00e4ren<\/a> und <a href=\"https:\/\/www.willizblog.de\/?p=458\" target=\"_blank\">Drachenfels<\/a> habe ich bereits von meinen Ferien dort berichtet.<\/p>\n<p><iframe loading=\"lazy\" width=\"540\" height=\"320\" frameborder=\"0\" scrolling=\"no\" marginheight=\"0\" marginwidth=\"0\" src=\"https:\/\/maps.google.de\/maps?f=q&amp;source=s_q&amp;hl=de&amp;geocode=&amp;q=oberpleis&amp;aq=&amp;sll=50.717113,7.323761&amp;sspn=0.059995,0.132351&amp;gl=de&amp;ie=UTF8&amp;hq=&amp;hnear=Oberpleis+K%C3%B6nigswinter,+Rhein-Sieg-Kreis,+Nordrhein-Westfalen&amp;t=h&amp;ll=50.701649,7.299385&amp;spn=0.008698,0.023131&amp;z=15&amp;iwloc=A&amp;output=embed\"><\/iframe><br \/><small><a href=\"https:\/\/maps.google.de\/maps?f=q&amp;source=embed&amp;hl=de&amp;geocode=&amp;q=oberpleis&amp;aq=&amp;sll=50.717113,7.323761&amp;sspn=0.059995,0.132351&amp;gl=de&amp;ie=UTF8&amp;hq=&amp;hnear=Oberpleis+K%C3%B6nigswinter,+Rhein-Sieg-Kreis,+Nordrhein-Westfalen&amp;t=h&amp;ll=50.701649,7.299385&amp;spn=0.008698,0.023131&amp;z=15&amp;iwloc=A\" style=\"color:#0000FF;text-align:left\">Gr\u00f6\u00dfere Kartenansicht<\/a><\/small><br \/>\nBerghausen bei Oberpleis\/K\u00f6nigswinter<\/p>\n<p>Damals war Berghausen ein sehr kleiner Ort. Es gab nur weniger H\u00e4user und einige Bauernh\u00f6fe. Und in der zweiten Reihe, hinter einem Haus mit einem Lebensmittelgesch\u00e4ft (Tante Emma Laden) befand sich das kleine Haus meiner Gro\u00dfeltern, in dem auch meine Tante wohnte, gleich neben einer Art von Scheune, in dem sich auch das damals auf dem Lande durchaus noch \u00fcbliche <a href=\"https:\/\/de.wikipedia.org\/wiki\/Plumpsklo\" target=\"_blank\">Plumpsklosett<\/a> befand. Ich gestehe, dass das f\u00fcr mich der reinste Horror und das einzigste war, das meinen Aufenthalt \u201aauf dem Lande\u2019 verleiden konnte.<\/p>\n<p>Das Haus selbst war ziemlich abenteuerlich, die Zimmer klein und von einem Zimmer oben konnte man durch eine Luke, eine durch eine Klappe verschlie\u00dfbare \u00d6ffnung in Boden, hinunter in den K\u00fcchenraum auf den Herd gucken. So klein das Haus war, umso gr\u00f6\u00dfer war das Grundst\u00fcck dazu, auf dem meine Gro\u00dfmutter einen Nutzgarten angelegt hatte. Dort wuchsen Bohnen, Erbsen und was man sonst noch so f\u00fcr den Eigenbedarf brauchte. Es gab Kirsch- und Apfelb\u00e4ume und am Ende an einen Zaun gelehnt die erw\u00e4hnten vielen Himbeerstr\u00e4ucher.<\/p>\n<p>Im Sommer 1965 war ich gleich mehrere Wochen in Berghausen. In vielem erinnere ich mich zwar nur noch schemenhaft, aber ich wei\u00df noch genau, dass es f\u00fcr mich damals eine ganz besondere Zeit war. Zusammen mit Ursula und meist auch Klaus erkundeten wir die Gegend, schauten in die eine oder andere Scheune, in der archaische Ger\u00e4te standen, die ihre besten Tage hinter sich hatten. Es gab jede Menge Freiraum, Wiesen und \u00c4cker, auf denen wir die Zeit verga\u00dfen und herumtollen konnten, auch schon einmal kleiderlos. Tags\u00fcber halfen wir gelegentlich der Gro\u00dfmutter beim Erbsenpulen. Wer kennt heute noch frische Erbsenschoten? Manche Erbse wanderte in den eigenen Mund. Abends dann a\u00dfen wir Kirschen und erste August\u00e4pfel direkt von den B\u00e4umen. Und auch die genannten Himbeeren gleich zu Anfang der Ferien lie\u00dfen wir uns gen\u00fcsslich schmecken.<\/p>\n<p>Obwohl im Ort selbst nichts los war, keine Kinderbelustigung welcher Art auch immer, so war es f\u00fcr uns Kinder doch das Abenteuer pur. Langeweile kannten wir nicht. Wir waren uns selbst genug. Ich bedaure manche Kinder heute, denen man Attraktionen ohne Ende bieten muss und die trotzdem nicht zufrieden sind. \u00dcbrigens: Meine S\u00f6hne konnten sich auch stundenlang selbst besch\u00e4ftigen. <\/p>\n<p>Aber nat\u00fcrlich hatte auch diese Zeit ein viel zu schnelles Ende. Wir fuhren nach K\u00f6ln, wo Ursula und ihr Bruder Klaus wohnten. Dort holten mich dann meine Eltern ab und es ging zur\u00fcck nach Bremen. Aber noch heute erinnere ich mich wieder gern an die Zeit vor \u00fcber 45 Jahren. Eine solch ungebundene Zeit der Kindheit vergisst man wohl nie.<\/p>\n","protected":false},"excerpt":{"rendered":"<p>F\u00fcr heute k\u00fcndigt sich ein weiterer hei\u00dfer Sommertag an. Temperaturen von fast wieder 30 \u00b0C erwarten uns. Aber der Luftdruck f\u00e4llt bereits seit gestern und f\u00fcr sp\u00e4testens heute Abend ist Gewitter angek\u00fcndigt. Dann soll es wieder frisch und regnerisch werden. Von meinen Eltern habe ich einige Fotos \u201ageerbt\u2019; u.a. eines vom August 1965, als ich &hellip; <a href=\"https:\/\/willizblog.de\/?p=4617\" class=\"more-link\"><span class=\"screen-reader-text\">Sommer 1965<\/span> weiterlesen <span class=\"meta-nav\">&rarr;<\/span><\/a><\/p>\n","protected":false},"author":1,"featured_media":0,"comment_status":"open","ping_status":"open","sticky":false,"template":"","format":"standard","meta":[],"categories":[16,10],"tags":[],"_links":{"self":[{"href":"https:\/\/willizblog.de\/index.php?rest_route=\/wp\/v2\/posts\/4617"}],"collection":[{"href":"https:\/\/willizblog.de\/index.php?rest_route=\/wp\/v2\/posts"}],"about":[{"href":"https:\/\/willizblog.de\/index.php?rest_route=\/wp\/v2\/types\/post"}],"author":[{"embeddable":true,"href":"https:\/\/willizblog.de\/index.php?rest_route=\/wp\/v2\/users\/1"}],"replies":[{"embeddable":true,"href":"https:\/\/willizblog.de\/index.php?rest_route=%2Fwp%2Fv2%2Fcomments&post=4617"}],"version-history":[{"count":0,"href":"https:\/\/willizblog.de\/index.php?rest_route=\/wp\/v2\/posts\/4617\/revisions"}],"wp:attachment":[{"href":"https:\/\/willizblog.de\/index.php?rest_route=%2Fwp%2Fv2%2Fmedia&parent=4617"}],"wp:term":[{"taxonomy":"category","embeddable":true,"href":"https:\/\/willizblog.de\/index.php?rest_route=%2Fwp%2Fv2%2Fcategories&post=4617"},{"taxonomy":"post_tag","embeddable":true,"href":"https:\/\/willizblog.de\/index.php?rest_route=%2Fwp%2Fv2%2Ftags&post=4617"}],"curies":[{"name":"wp","href":"https:\/\/api.w.org\/{rel}","templated":true}]}}