{"id":4638,"date":"2011-07-04T10:01:06","date_gmt":"2011-07-04T09:01:06","guid":{"rendered":"http:\/\/www.willizblog.de\/?p=4638"},"modified":"2011-07-02T15:51:12","modified_gmt":"2011-07-02T14:51:12","slug":"vergessene-stucke-10-lars-noren-damonen","status":"publish","type":"post","link":"https:\/\/willizblog.de\/?p=4638","title":{"rendered":"Vergessene St\u00fccke (10): Lars Nor\u00e9n &#8211; D\u00e4monen"},"content":{"rendered":"<p>Erst k\u00fcrzlich sah ich den US-amerikanischen Film <a href=\"https:\/\/de.wikipedia.org\/wiki\/Der_Rosenkrieg\" target=\"_blank\">\u201eDer Rosenkrieg\u201c<\/a> von (und mit) Danny DeVito und mit Michael Douglas und Kathleen Turner als Ehepaar Rose. Dieser \u201aRosenkrieg\u2019 zeigt, wie aus Liebe mit den Jahren Hass und ein Kampf bis aufs Blut, ja, bis zum Tode werden kann. Der Streitpunkt ist hier materiell, das Haus, das keiner der beiden hergeben will.<\/p>\n<p>Ehedramen \u00fcben eine gewisse Faszination aus. Ein weiteres Beispiel ist Wer hat <a href=\"https:\/\/de.wikipedia.org\/wiki\/Wer_hat_Angst_vor_Virginia_Woolf%3F\" target=\"_blank\">Angst vor Virginia Woolf?<\/a> von dem US-amerikanischen Dramatikers Edward Albee (1962 uraufgef\u00fchrt), das uns aus einer Verfilmung mit Elizabeth Taylor und Richard Burton aus dem Jahre 1966 bekannt sein d\u00fcrfte. Hier wird ein junges Paar Zeuge eines eskalierenden Ehestreits.<\/p>\n<p>Das St\u00fcck <a href=\"http:\/\/www.rowohlt-theaterverlag.de\/stueck\/Daemonen.72294.html\" target=\"_blank\">D\u00e4monen<\/a> des schwedischen Dramatikers <a href=\"https:\/\/de.wikipedia.org\/wiki\/Lars_Nor%C3%A9n\" target=\"_blank\">Lars Nor\u00e9n<\/a> (*1944 in Stockholm) ist \u00e4hnlich gelagert. Auch hier wird ein anderes Paar in eheliche Auseinandersetzungen hineingezogen. <a href=\"http:\/\/www.rowohlt-theaterverlag.de\/autor\/Lars_Noren.7884.html\" target=\"_blank\">Nor\u00e9n<\/a> begann bereits als Jugendlicher zu schreiben. 1963 erschien sein erster Gedichtband, bis 1980 von weiteren gefolgt, au\u00dferdem drei Romanen, von denen \u201eDie Bienenv\u00e4ter\u201c 1973 auch auf Deutsch erschien.<\/p>\n<p>D\u00e4monen (Original: Demoner) &#8211; Deutsch von Angelika Gundlach \u2013 wurde am 28.04.1984 in Stockholms Stadsteater (Regie: Carsten Brandt) uraufgef\u00fchrt. Die deutschsprachige Urauff\u00fchrung fand am 21.11.1984 am Schauspielhaus Bochum (Regie: Claus Peymann) statt (lese hierzu: Szenen zweier Ehen &#8211; von Hellmuth Karasek in <a href=\"http:\/\/www.spiegel.de\/spiegel\/print\/d-13513511.html\" target=\"_blank\">spiegel.de<\/a>)<\/p>\n<p>Nun so ganz vergessen ist das St\u00fcck nicht, immerhin ist mir eine letzte Inszenierung bekannt, die es in der Regie von Thomas Ostermeier an der <a href=\"http:\/\/www.schaubuehne.de\/de_DE\/program\/repertoire\/500950\" target=\"_blank\">Berliner Schaub\u00fchne<\/a> im Fr\u00fchjahr 2010 gab.<\/p>\n<p><iframe loading=\"lazy\" width=\"540\" height=\"330\" src=\"https:\/\/www.youtube.com\/embed\/kfrZHipjquo\" frameborder=\"0\" allowfullscreen><\/iframe><br \/>\n\u00bbD\u00e4monen\u00ab Trailer der Schaub\u00fchne Berlin<\/p>\n<p>Das St\u00fcck selbst kenne ich aus einem Band mit verschiedenen Theaterst\u00fccken (suhrkamp taschenbuch 1190 \u2013 1. Auflage 1985) <a href=\"https:\/\/www.amazon.de\/gp\/product\/B004JJU5Y4\/ref=as_li_tf_tl?ie=UTF8&#038;tag=familiealbin-21&#038;linkCode=as2&#038;camp=1638&#038;creative=6742&#038;creativeASIN=B004JJU5Y4\" target=\"_blank\"><strong>Theater heute<\/strong><\/a><img loading=\"lazy\" src=\"https:\/\/www.assoc-amazon.de\/e\/ir?t=familiealbin-21&#038;l=as2&#038;o=3&#038;a=B004JJU5Y4\" width=\"1\" height=\"1\" border=\"0\" alt=\"\" style=\"border:none !important; margin:0px !important;\" \/>, dessen andere St\u00fccke ich <a href=\"https:\/\/www.willizblog.de\/index.php?s=suhrkamp+1190\" target=\"_blank\">hier bereits teilweise vorgestellt<\/a> habe.<\/p>\n<p>\u201eDer schwedische Dramatiker Lars Nor\u00e9n (Jahrgang 1944) besch\u00e4ftigt sich seit den 80er-Jahren mit dem unaufhaltsamen Untergang des ehelichen Zusammenlebens &#8211; und setzt damit eine skandinavische Tradition fort, die mit Namen wie Strindberg, Ibsen und Bergmann verkn\u00fcpft ist. \u201aD\u00e4monen\u2019 ist ein klassisches Zimmerschlacht- St\u00fcck, in dem ein Ehepaar, das Lustgewinn daraus bezieht, sich gegenseitig fertig zu machen, den Besuch eines anderen Paares dazu benutzt, die Beleidigungen und Erniedrigungen auf die Spitze zu treiben.\u201c (Quelle: <a href=\"http:\/\/www.morgenpost.de\/kultur\/berlin-kultur\/article1268469\/Ostermeier-inszeniert-Daemonen-der-Mittelschicht.html\" target=\"_blank\">Berliner Morgenpost<\/a>)<\/p>\n<p><strong>Personen:<\/strong><\/p>\n<p>Katarina, 36 Jahre<br \/>\nFrank, ihr Mann, 38 Jahre<br \/>\nJenna, Nachbarin, 36 Jahre<br \/>\nTomas, ihr Mann, 37 Jahre<\/p>\n<p><strong>Ort und Zeit:<\/strong> Eine Stadtwohnung, 1982<\/p>\n<p>&#8222;Entweder ich bringe dich um, oder du mich, oder wir trennen uns, oder wir machen so weiter&#8220;, lautet Katarinas lakonisches Fazit ihrer langj\u00e4hrigen Beziehung mit Frank. Und da die beiden, die sich hassen bis aufs Messer und doch nicht voneinander lassen k\u00f6nnen, nicht schon wieder einen Abend einsam zu zweit in ihrer Nobel-Wohnung verbringen wollen, bitten sie das Nachbarsehepaar her\u00fcber. In stilvollem Ambiente vollzieht sich eine gnadenlose Seelenschlacht. &#8222;Nor\u00e9n ist ein Gro\u00dfmeister des Dialogs. Die Banalit\u00e4ten seiner ausgeleierten Alltagswendungen sind so raffiniert verwoben &#8230;, dass sie die unausgesprochenen Aggressionen bis in die feinsten Abschattungen verlautbaren.&#8220; (FAZ) &#8222;Ein gespenstisches St\u00fcck \u00fcber die Liebe. Oder besser: \u00dcber deren Verlust.&#8220; (S\u00fcddeutsche Zeitung)<br \/>\n(Quelle: <a href=\"http:\/\/www.rowohlt-theaterverlag.de\/stueck\/Daemonen.72294.html\" target=\"_blank\">rowohlt-theaterverlag.de<\/a>)<\/p>\n<p>Anders als z.B. in \u201eDer Rosenkrieg\u201c erleben wir hier ein Paar, das in seine im Wesentlichen sexuell begr\u00fcndeten <a href=\"https:\/\/de.wikipedia.org\/wiki\/Obsession\" target=\"_blank\">Obsessionen<\/a> gefangen ist. Dazu ist es ein Teufelskreis gegenseitiger <a href=\"https:\/\/de.wikipedia.org\/wiki\/H%C3%B6rigkeit_%28Psychologie%29\" target=\"_blank\">H\u00f6rigkeit<\/a>, aus dem beide nicht entfliehen k\u00f6nnen:<\/p>\n<p>FRANK <em>Ja, ich liebe dich.<\/em> [&#8230;] <em>Aber ich mag dich nicht.<\/em> [&#8230;] <em>\u00dcberhaupt nicht. Ich kann dich nicht leiden. Aber ich kann ohne dich nicht leben.<\/em> <\/p>\n<p><strong>[&#8230;]<\/strong><\/p>\n<p>KATARINA [&#8230;] <em>Du machst mich nur ungl\u00fccklich. \u00c4ngstlich &#8230; Und so verwirrt. Und leer &#8230; Ich will nur weglaufen &#8230; Zur\u00fcck &#8230; Zur\u00fcck.<\/em><\/p>\n<p>FRANK <em>Wohin?<\/em><\/p>\n<p>KATARINA <em>Zu dir.<\/em><\/p>\n<p><strong>[&#8230;]<\/strong><\/p>\n<p>KATATRINA [&#8230;] <em>Solange ich dich schlecht behandle, kommst du nicht von mir los.<\/em><\/p>\n<p>Das geladene Nachbarehepaar wird in diesen Ehekrieg hineingezogen. Schnell entlarvt es sich, zeigt, dass auch bei ihnen nicht alles stimmt, dass Unzufriedenheit herrscht \u2013 und ein Begehren dem anderen Paar gegen\u00fcber. Die Situation eskaliert, wie sollte es anders sein, der innere seelische Schmerz (FRANK [&#8230;] <em>Darum geht es doch \u2013 um den Schmerz. Sie empfinden einen solchen Schmerz<\/em> &#8230;) stellt sich dar als \u00e4u\u00dferer k\u00f6rperlicher Schmerz &#8211; und endet in einer Kreuzigungsszene. 1982 mag das schockierend gewirkt haben, heute empfindet man es wohl eher als absto\u00dfend, zumindest als \u201a\u00fcbertrieben\u2019.<\/p>\n<p>Lars Nor\u00e9n zeigt sich allerdings in den Dialogen als K\u00f6nner. Besonders die Rolle des Frank ist derma\u00dfen spitzfindig ausgelegt, dass man sich als Zuschauer (oder Leser) selbst oftmals an den Kopf fassen m\u00f6chte. Wie er das Gespr\u00e4ch zu drehen versteht, hat schon eine gewisse Klasse.<\/p>\n<p>Ehedramen \u2013 die Faszination gesteht weiterhin und wird von unserem <a href=\"https:\/\/de.wikipedia.org\/wiki\/Voyeurismus\" target=\"_blank\">Voyeurismus<\/a> gen\u00e4hrt. Auch Nor\u00e9ns Drama bietet daf\u00fcr \u2013 auch heute noch \u2013 reichlich viel Futter.<\/p>\n<p>St\u00fccke und mehr von <a href=\"https:\/\/www.amazon.de\/gp\/search?ie=UTF8&#038;keywords=lars%20noren&#038;tag=familiealbin-21&#038;index=books&#038;linkCode=ur2&#038;camp=1638&#038;creative=6742\" target=\"_blank\"><strong>Lars Nor\u00e9n<\/strong><\/a><img loading=\"lazy\" src=\"https:\/\/www.assoc-amazon.de\/e\/ir?t=familiealbin-21&#038;l=ur2&#038;o=3\" width=\"1\" height=\"1\" border=\"0\" alt=\"\" style=\"border:none !important; margin:0px !important;\" \/><\/p>\n","protected":false},"excerpt":{"rendered":"<p>Erst k\u00fcrzlich sah ich den US-amerikanischen Film \u201eDer Rosenkrieg\u201c von (und mit) Danny DeVito und mit Michael Douglas und Kathleen Turner als Ehepaar Rose. Dieser \u201aRosenkrieg\u2019 zeigt, wie aus Liebe mit den Jahren Hass und ein Kampf bis aufs Blut, ja, bis zum Tode werden kann. Der Streitpunkt ist hier materiell, das Haus, das keiner &hellip; <a href=\"https:\/\/willizblog.de\/?p=4638\" class=\"more-link\"><span class=\"screen-reader-text\">Vergessene St\u00fccke (10): Lars Nor\u00e9n &#8211; D\u00e4monen<\/span> weiterlesen <span class=\"meta-nav\">&rarr;<\/span><\/a><\/p>\n","protected":false},"author":1,"featured_media":0,"comment_status":"open","ping_status":"open","sticky":false,"template":"","format":"standard","meta":[],"categories":[14],"tags":[],"_links":{"self":[{"href":"https:\/\/willizblog.de\/index.php?rest_route=\/wp\/v2\/posts\/4638"}],"collection":[{"href":"https:\/\/willizblog.de\/index.php?rest_route=\/wp\/v2\/posts"}],"about":[{"href":"https:\/\/willizblog.de\/index.php?rest_route=\/wp\/v2\/types\/post"}],"author":[{"embeddable":true,"href":"https:\/\/willizblog.de\/index.php?rest_route=\/wp\/v2\/users\/1"}],"replies":[{"embeddable":true,"href":"https:\/\/willizblog.de\/index.php?rest_route=%2Fwp%2Fv2%2Fcomments&post=4638"}],"version-history":[{"count":0,"href":"https:\/\/willizblog.de\/index.php?rest_route=\/wp\/v2\/posts\/4638\/revisions"}],"wp:attachment":[{"href":"https:\/\/willizblog.de\/index.php?rest_route=%2Fwp%2Fv2%2Fmedia&parent=4638"}],"wp:term":[{"taxonomy":"category","embeddable":true,"href":"https:\/\/willizblog.de\/index.php?rest_route=%2Fwp%2Fv2%2Fcategories&post=4638"},{"taxonomy":"post_tag","embeddable":true,"href":"https:\/\/willizblog.de\/index.php?rest_route=%2Fwp%2Fv2%2Ftags&post=4638"}],"curies":[{"name":"wp","href":"https:\/\/api.w.org\/{rel}","templated":true}]}}