{"id":464,"date":"2006-04-24T18:05:13","date_gmt":"2006-04-24T16:05:13","guid":{"rendered":"http:\/\/www.albinz.de\/blog\/?p=464"},"modified":"2006-04-24T18:05:13","modified_gmt":"2006-04-24T16:05:13","slug":"mittelalterliche-kosmologie","status":"publish","type":"post","link":"https:\/\/willizblog.de\/?p=464","title":{"rendered":"Mittelalterliche Kosmologie"},"content":{"rendered":"<p>Die <a title=\"Kosmologie\" href=\"https:\/\/de.wikipedia.org\/wiki\/Kosmologie\" target=\"_blank\">Kosmologie<\/a>, also die Lehre von der Welt, besch\u00e4ftigt sich mit dem Ursprung und der Entwicklung des Universums (Kosmos). Heute haben wir da nat\u00fcrlich ganz andere Ansichten als die Gelehrten des Mittelalters. F\u00fcr diese stand die Erde im Mittelpunkt des Alls. Interessant finde ich hierzu die Vorstellungen zur Erde und den Menschen als Bewohner der Erde:<\/p>\n<p>Die Erde setzt sich hiernach aus vier Elementen zusammen, die ihrerseits vier Haupteigenschaften in immer neuer Kombination besitzen: <em>warm und kalt<\/em> mit <em>feucht und trocken<\/em>:<\/p>\n<p><strong>Feuer<\/strong> (warm und trocken)<br \/>\n<strong>Luft<\/strong> (warm und feucht)<br \/>\n<strong>Wasser<\/strong> (feucht und kalt)<br \/>\n<strong>Erde<\/strong> (kalt und trocken)<\/p>\n<p>Der Mensch selbst besteht aus denselben Elementen, denen die vier K\u00f6rpers\u00e4fte (humores) entsprechen: gelbe Galle, schwarze Galle, Blut und Schleim. \u00dcberwiegt einer dieser S\u00e4fte alle anderen, so hat der Mensch einen ausgepr\u00e4gten Charakter:<\/p>\n<p><em>Choleriker<\/em>, der zu Wutanf\u00e4llen neigt (cholon = Galle)<br \/>\n<em>Melancholiker<\/em>, der zu Schwermut neigt (melan cholon = schwarze Galle)<br \/>\n<em>Sanguiniker<\/em>, die Frohnatur (sanguis = Blut)<br \/>\n<em>Phlegmatiker<\/em>, der tr\u00e4ge Typ (phlegma = Schleim)<\/p>\n<p>Diesen Typen sind wiederum die Elemente zugeordnet:<\/p>\n<p>der W\u00fctige ist der <em>Feuer<\/em>teufel<br \/>\nder Melancholiker der <em>Erd<\/em>klo\u00df<br \/>\nder Sanguiniker der <em>Luft<\/em>ikus<br \/>\nder Phlegmatiker der <em>Wasser<\/em>mann.<\/p>\n<p>siehe hierzu auch: <a title=\"Kauf bei Amazon\" href=\"https:\/\/www.amazon.de\/exec\/obidos\/ASIN\/\/3442151473\/familiealbin-21\" target=\"_blank\">Dietrich Schwanitz: Bildung &#8211; Alles, was man wissen muss<\/a><\/p>\n<p><img title=\"Die Erde als Mittelpunkt\" alt=\"Die Erde als Mittelpunkt\" src=\"https:\/\/www.willizblog.de\/albpics\/kosmologie.jpg\" \/><br \/>\nHolzschnitt aus Camille Flammarions L&#8217;Atmosphere (1888)<\/p>\n","protected":false},"excerpt":{"rendered":"<p>Die Kosmologie, also die Lehre von der Welt, besch\u00e4ftigt sich mit dem Ursprung und der Entwicklung des Universums (Kosmos). Heute haben wir da nat\u00fcrlich ganz andere Ansichten als die Gelehrten des Mittelalters. F\u00fcr diese stand die Erde im Mittelpunkt des Alls. Interessant finde ich hierzu die Vorstellungen zur Erde und den Menschen als Bewohner der &hellip; <a href=\"https:\/\/willizblog.de\/?p=464\" class=\"more-link\"><span class=\"screen-reader-text\">Mittelalterliche Kosmologie<\/span> weiterlesen <span class=\"meta-nav\">&rarr;<\/span><\/a><\/p>\n","protected":false},"author":1,"featured_media":0,"comment_status":"closed","ping_status":"closed","sticky":false,"template":"","format":"standard","meta":[],"categories":[20],"tags":[],"_links":{"self":[{"href":"https:\/\/willizblog.de\/index.php?rest_route=\/wp\/v2\/posts\/464"}],"collection":[{"href":"https:\/\/willizblog.de\/index.php?rest_route=\/wp\/v2\/posts"}],"about":[{"href":"https:\/\/willizblog.de\/index.php?rest_route=\/wp\/v2\/types\/post"}],"author":[{"embeddable":true,"href":"https:\/\/willizblog.de\/index.php?rest_route=\/wp\/v2\/users\/1"}],"replies":[{"embeddable":true,"href":"https:\/\/willizblog.de\/index.php?rest_route=%2Fwp%2Fv2%2Fcomments&post=464"}],"version-history":[{"count":0,"href":"https:\/\/willizblog.de\/index.php?rest_route=\/wp\/v2\/posts\/464\/revisions"}],"wp:attachment":[{"href":"https:\/\/willizblog.de\/index.php?rest_route=%2Fwp%2Fv2%2Fmedia&parent=464"}],"wp:term":[{"taxonomy":"category","embeddable":true,"href":"https:\/\/willizblog.de\/index.php?rest_route=%2Fwp%2Fv2%2Fcategories&post=464"},{"taxonomy":"post_tag","embeddable":true,"href":"https:\/\/willizblog.de\/index.php?rest_route=%2Fwp%2Fv2%2Ftags&post=464"}],"curies":[{"name":"wp","href":"https:\/\/api.w.org\/{rel}","templated":true}]}}