{"id":4643,"date":"2011-07-05T09:51:20","date_gmt":"2011-07-05T08:51:20","guid":{"rendered":"http:\/\/www.willizblog.de\/?p=4643"},"modified":"2011-07-05T09:00:38","modified_gmt":"2011-07-05T08:00:38","slug":"ubers-altern","status":"publish","type":"post","link":"https:\/\/willizblog.de\/?p=4643","title":{"rendered":"\u00dcbers Altern"},"content":{"rendered":"<p>1982 schrieb <a href=\"https:\/\/de.wikipedia.org\/wiki\/Max_Frisch\" target=\"_blank\">Max Frisch<\/a> im Alter von 71 Jahren in seinen Aufzeichnungen, die vor einem Jahr als <a href=\"https:\/\/www.amazon.de\/gp\/product\/3518421301\/ref=as_li_tf_tl?ie=UTF8&#038;tag=familiealbin-21&#038;linkCode=as2&#038;camp=1638&#038;creative=6742&#038;creativeASIN=3518421301\" target=\"_blank\"><strong>Entw\u00fcrfe zu einem dritten Tagebuch<\/strong><\/a><img loading=\"lazy\" src=\"https:\/\/www.assoc-amazon.de\/e\/ir?t=familiealbin-21&#038;l=as2&#038;o=3&#038;a=3518421301\" width=\"1\" height=\"1\" border=\"0\" alt=\"\" style=\"border:none !important; margin:0px !important;\" \/> erschienen sind:<\/p>\n<p><em>\u201eIch werde ein Greis.<\/em><\/p>\n<p><em>Man wird ein Greis, wenn man sich zu nichts mehr verpflichtet f\u00fchlt, wenn man nicht meint, irgendjemand in der Welt irgend etwas zu schulden, und dazu braucht einer noch nicht am Stock zu gehe oder im Rollstuhl zu sitzen; es gibt auch wanderf\u00e4hige Greise. Vorderhand erschreckt mich noch meine zunehmende Nachl\u00e4ssigkeit gegen\u00fcber Freunden, meine zunehmende Gleichg\u00fcltigkeit gegen\u00fcber \u00f6ffentlichen Ereignissen, meine zunehmende Freiheit &#8230;\u201c<\/em><br \/>\n(<a href=\"https:\/\/de.wikipedia.org\/wiki\/Entw%C3%BCrfe_zu_einem_dritten_Tagebuch\" target=\"_blank\">Entw\u00fcrfe &#8230;<\/a> \u2013 Herausgegeben und mit einem Nachwort von <a href=\"https:\/\/de.wikipedia.org\/wiki\/Peter_von_Matt\" target=\"_blank\">Peter von Matt<\/a> &#8211; S. 85 \u2013 3. Auflage 2010, Suhrkamp Verlag Berlin)<\/p>\n<p>Mit dem Altern hatte sich Max Frisch bereits in seiner 1979 erschienenen Erz\u00e4hlung <a href=\"https:\/\/www.willizblog.de\/?p=4498\" target=\"_blank\">Der Mensch erscheint im Holoz\u00e4n<\/a> eingehend besch\u00e4ftigt. Es ist nun nicht so, dass ich mich als Greis f\u00fchle. Sicherlich habe ich meine J\u00e4hrchen auf dem Buckel (so langsam gehe ich auf die sechzig zu), denke auch schon \u00fcber meinen Renteneintritt nach, aber noch bin ich gut auf den Beinen und \u2013 ich hoffe \u2013 auch gut im Kopf.<\/p>\n<p>Wie Herr Geiser, dem Protagonisten aus der Holoz\u00e4n-Erz\u00e4hlung, so litt Max Frisch unter einer zunehmenden <a href=\"https:\/\/de.wikipedia.org\/wiki\/Vergessen\" target=\"_blank\">Merkschw\u00e4che<\/a>, dem Verlust des <a href=\"https:\/\/de.wikipedia.org\/wiki\/Kurzzeitged%C3%A4chtnis\" target=\"_blank\">Kurzzeitged\u00e4chtnisses<\/a>. Ich selbst pr\u00fcfe mich nun nicht st\u00e4ndig auf <a href=\"https:\/\/de.wikipedia.org\/wiki\/Symptom\" target=\"_blank\">Symptome<\/a> f\u00fcr einsetzende <a href=\"https:\/\/de.wikipedia.org\/wiki\/Altersschw%C3%A4che\" target=\"_blank\">Senilit\u00e4t<\/a>. Wenn ich vieles vergesse, dann schon fast aus Absicht, weil ich mich nicht immer mit unn\u00f6tigem Wissensballast belasten will. Vielleicht ist das schon die von Frisch oben beschriebene \u201aNachl\u00e4ssigkeit\u2019 und \u201aGleichg\u00fcltigkeit\u2019, obwohl mich \u201a\u00f6ffentliche Ereignisse\u2019 durchaus noch interessieren. Aber hier siebe ich bereits, muss nicht alles wissen. Die Ereignisse m\u00fcssen mich schon interessieren, also in Bezug zu mir oder meiner Familie stehen. <\/p>\n<p>Es ist sicherlich nicht Senilit\u00e4t, eher so etwas wie Altersweisheit, wenn ich mehr und mehr beginne, mich nicht mehr zu allem \u201averpflichtet zu f\u00fchlen\u2019. Auf der Arbeit lasse ich so gern J\u00fcngere \u2019ran (ich habe \u00fcberlegt, ob ich mich auf dem Weg befinde, eine <a href=\"https:\/\/de.wikipedia.org\/wiki\/Innere_K%C3%BCndigung\" target=\"_blank\">\u201ainnere K\u00fcndigung\u2019<\/a> auszusprechen, was meinen Arbeitsplatz betrifft \u2013 so ganz ist das nicht von der Hand zu weisen). Sie k\u00f6nnen es schon besser als ich und haben noch Ambitionen. Also?! Lasse ich noch einmal Max Frisch sprechen:<\/p>\n<p><em>\u201eWonach dr\u00e4ngt es mich?<br \/>\nIch bin schon noch t\u00e4tig \u2013<br \/>\nW\u00e4re ich ein Bauer, w\u00fcrde man mir kaum noch die Sense in die Hand geben, die Sichel vielleicht; es w\u00fcrde kaum erwartet, dass ich auf die Leiter steige, um \u00c4pfel zu pfl\u00fccken; ob man mich auf den Traktor lassen w\u00fcrde, frage ich mich; man f\u00e4nde es richtig, dass ich die H\u00fchner f\u00fcttere, die Enten usw.<br \/>\nWas erwartet man von einem Schriftsteller?<br \/>\nDass er Interviews gibt.\u201c<\/em><br \/>\n(S. 27)<\/p>\n","protected":false},"excerpt":{"rendered":"<p>1982 schrieb Max Frisch im Alter von 71 Jahren in seinen Aufzeichnungen, die vor einem Jahr als Entw\u00fcrfe zu einem dritten Tagebuch erschienen sind: \u201eIch werde ein Greis. Man wird ein Greis, wenn man sich zu nichts mehr verpflichtet f\u00fchlt, wenn man nicht meint, irgendjemand in der Welt irgend etwas zu schulden, und dazu braucht &hellip; <a href=\"https:\/\/willizblog.de\/?p=4643\" class=\"more-link\"><span class=\"screen-reader-text\">\u00dcbers Altern<\/span> weiterlesen <span class=\"meta-nav\">&rarr;<\/span><\/a><\/p>\n","protected":false},"author":1,"featured_media":0,"comment_status":"open","ping_status":"open","sticky":false,"template":"","format":"standard","meta":[],"categories":[18,3],"tags":[],"_links":{"self":[{"href":"https:\/\/willizblog.de\/index.php?rest_route=\/wp\/v2\/posts\/4643"}],"collection":[{"href":"https:\/\/willizblog.de\/index.php?rest_route=\/wp\/v2\/posts"}],"about":[{"href":"https:\/\/willizblog.de\/index.php?rest_route=\/wp\/v2\/types\/post"}],"author":[{"embeddable":true,"href":"https:\/\/willizblog.de\/index.php?rest_route=\/wp\/v2\/users\/1"}],"replies":[{"embeddable":true,"href":"https:\/\/willizblog.de\/index.php?rest_route=%2Fwp%2Fv2%2Fcomments&post=4643"}],"version-history":[{"count":0,"href":"https:\/\/willizblog.de\/index.php?rest_route=\/wp\/v2\/posts\/4643\/revisions"}],"wp:attachment":[{"href":"https:\/\/willizblog.de\/index.php?rest_route=%2Fwp%2Fv2%2Fmedia&parent=4643"}],"wp:term":[{"taxonomy":"category","embeddable":true,"href":"https:\/\/willizblog.de\/index.php?rest_route=%2Fwp%2Fv2%2Fcategories&post=4643"},{"taxonomy":"post_tag","embeddable":true,"href":"https:\/\/willizblog.de\/index.php?rest_route=%2Fwp%2Fv2%2Ftags&post=4643"}],"curies":[{"name":"wp","href":"https:\/\/api.w.org\/{rel}","templated":true}]}}