{"id":4665,"date":"2011-07-13T09:12:16","date_gmt":"2011-07-13T08:12:16","guid":{"rendered":"http:\/\/www.willizblog.de\/?p=4665"},"modified":"2011-07-13T11:25:56","modified_gmt":"2011-07-13T10:25:56","slug":"zum-arschauswischen","status":"publish","type":"post","link":"https:\/\/willizblog.de\/?p=4665","title":{"rendered":"&#8230; zum Arschauswischen"},"content":{"rendered":"<p>Heute muss ich mich wieder einmal auskotzen. Und es geht wieder einmal um den Streik der <a href=\"http:\/\/www.gdl.de\/\" target=\"_blank\">GDL<\/a> bei meinen \u201ageliebten\u2019 <a href=\"http:\/\/www.der-metronom.de\/\" target=\"_blank\">Metronom<\/a>-Z\u00fcgen, mit denen ich auf der Strecke Bremen \u2013 Hamburg zur Arbeit unterwegs bin (siehe meinen Beitrag hierzu: <a href=\"https:\/\/www.willizblog.de\/?p=4630\" target=\"_blank\">GDL on strike again<\/a>). Der letzte Streik ging eigentlich nur \u00fcbers Wochenende und ist heute bereits 10 Tage her. W\u00e4hrend des letzten Streiks gab es \u00fcbrigens einen \u201aerfolgreichen\u2019 <a href=\"http:\/\/quaeng.de\/metronom-gdl-streik-hacker-angriff-4357\/\" target=\"_blank\">Hackerangriff<\/a> auf die Website des metronoms. Das nur am Rande. In diesen Tagen hat sich dann doch einiges getan:<\/p>\n<p>Die Kommunalpolitik ist endlich aus ihrem Tiefschlaf erwacht. Und angesichts der bevorstehenden Kommunalwahlen in Niedersachsen erkannten einige Politiker, dass auch Bahn-Pendler W\u00e4hler sind. So riefen drei B\u00fcrgermeister aus dem Landkreis Harburg (Wilfried Geiger aus Buchholz, Dirk Bostelmann von der Samtgemeinde Tostedt und G\u00fcnter Schwarz von der Gemeinde Seevetal) in einem offenen Brief die beiden Streith\u00e4hne auf, schnell zu einer Einigung zu kommen.<\/p>\n<p>siehe <a href=\"http:\/\/twitter.com\/#!\/willizblog\/status\/89241733484920832\" target=\"_blank\">Twitter<\/a> (mit weiteren Infos):<\/p>\n<p><em><a href=\"http:\/\/twitter.com\/#%21\/search?q=%23Tostedt\" target=\"_blank\">#Tostedt<\/a> B\u00fcrgermeister fordern schnelle Einigung von <a href=\"http:\/\/twitter.com\/#%21\/search?q=%23Metronom\" target=\"_blank\">#Metronom<\/a> und <a href=\"http:\/\/twitter.com\/#%21\/search?q=%23GDL\" target=\"_blank\">#GDL<\/a> In einem offenen Brief rufen drei (cont) <a href=\"http:\/\/tl.gd\/bjrgud\" target=\"_blank\">http:\/\/tl.gd\/bjrgud<\/a><\/em><\/p>\n<p>Und endlich bem\u00fcht sich die metronom Eisenbahngesellschaft mbH um eine Schlichtung. Die GDl ist aber \u00fcber das <a href=\"http:\/\/www.gdl.de\/pmwiki.php?n=Aktuell.Pressemitteilung-1309787118\" target=\"_blank\">Stadium der gr\u00fcndlichen Pr\u00fcfung<\/a> dieses Vorschlags bisher noch nicht hinausgekommen (wenigstens \u00e4u\u00dfert sie sich bisher nicht dazu). Inzwischen hat u.a. die CDU einen m\u00f6glichen Schlichter ausgeguckt:<\/p>\n<p>siehe <a href=\"http:\/\/twitter.com\/#!\/willizblog\/status\/88111661432573953\" target=\"_blank\">Twitter<\/a> (mit weiteren Infos):<\/p>\n<p><em>Kein #Streik der #GDL, daf\u00fcr Vorschlag zur Schlichtung durch #metronom, #NOB und #Cantus &#8211; kommt in die P\u00f6tte &#8230; <a href=\"http:\/\/t.co\/CVnguYS\" target=\"_blank\">http:\/\/t.co\/CVnguYS<\/a><\/em><\/p>\n<p>siehe <a href=\"http:\/\/twitter.com\/#!\/willizblog\/status\/89242513629659136\" target=\"_blank\">Twitter<\/a> (mit weiteren Infos):<\/p>\n<p><em>CDU-Politiker Gans\u00e4uer soll im #Metronom-Streit vermitteln #GDL &#8211; Das schl\u00e4gt der Landesverband Niedersachsen (cont) <a href=\"http:\/\/tl.gd\/bjri3v\" target=\"_blank\">http:\/\/tl.gd\/bjri3v<\/a><\/em><\/p>\n<p><img src=\"https:\/\/www.willizblog.de\/blogpicts\/zum_teufel_metronom_gdl_t_shirt.jpg\" alt=\"Zum Teufel mit metronom und GDL\" title=\"Zum Teufel mit metronom und GDL\" \/><\/p>\n<p>Nun es geht um einen einheitlichen <a href=\"http:\/\/www.der-metronom.de\/download\/BuRa-LfTV.pdf\" target=\"_blank\">Bundes-Rahmen-Lokomotivf\u00fchrer-Tarifvertrags (BuRa-LfTV)<\/a> f\u00fcr alle Lokf\u00fchrer und zus\u00e4tzlich um einen <a href=\"http:\/\/www.der-metronom.de\/download\/betreiberwechsel_tv.pdf\" target=\"_blank\">Betreiberwechsel-Tarifvertrag<\/a>, die der metronom jetzt endlich ins Netz gestellt hat. Die GDL hat daraus bisher wohlwei\u00dflich ein gro\u00dfes Geheimnis gemacht. Beleuchteten neutrale Juristen diese Vertr\u00e4ge, w\u00fcrde sich herausstellen, dass ersterer der Vertr\u00e4ge ein Knebelvertrag ist \u2013 und der Betreiberwechsel-Tarifvertrag zwar die hehren Ziele der GDL dokumentiert, aber reichlich weltfremd ist. Die GDL ersehnt sich alte DB-Zeiten herbei (als die DB noch Deutsche Bundesbahn hie\u00df) und wieder ein Beamtentum der Lokf\u00fchrer.<\/p>\n<p>Aber sicherlich hat die GDL nicht ganz Unrecht, wenn sie behauptet, private Bahnunternehmen wie der metronom w\u00fcrden den Wettbewerb gegen\u00fcber der Deutschen Bahn (DB) \u00fcber Personalkosten austragen. Daf\u00fcr hat die DB in anderen Bereichen (z.B. beim Kauf von Fahrzeugen ist die Bahn als gro\u00dfer Kunde der Industrie im Vorteil und die Preise f\u00fcr die Nutzung der Gleise und Bahnh\u00f6fe steigen st\u00e4ndig) Wettbewerbsvorteile &#8211; siehe <a href=\"http:\/\/twitter.com\/#!\/willizblog\/status\/88851383939383296\" target=\"_blank\">Twitter<\/a> (mit weiteren Infos):<\/p>\n<p><em>#Lokf\u00fchrerstreik #GDL &#8211; Gesch\u00e4ftsf\u00fchrer: #Metronom droht das Todesurteil &#8211; Die GDL-Tarifforderung gef\u00e4hrdet (cont) <a href=\"http:\/\/tl.gd\/bj4ivk\" target=\"_blank\">http:\/\/tl.gd\/bj4ivk<\/a><\/em><\/p>\n<p>Aber warum schreibe ich das hier? Es gibt keinen Streik, also ist doch alles bestens, oder? Eben nicht &#8211; siehe <a href=\"http:\/\/twitter.com\/#!\/willizblog\/status\/90755352282411008\" target=\"_blank\">Twitter<\/a>:<\/p>\n<p><em>Heute fallen verd\u00e4chtig viele #Metronom-Z\u00fcge aus: Wird jetzt krank gefeiert statt gestreikt? #GDL<\/em><\/p>\n<p>Ja der metronom hat zz. wohl <a href=\"http:\/\/www.ndr.de\/regional\/niedersachsen\/heide\/metronom189.html\" target=\"_blank\">zu wenige Lokf\u00fchrer<\/a>, die ihren Dienst versehen k\u00f6nnten. Es ist Urlaubszeit. Und wie es aussieht, machen viele andere Lokf\u00fchrer krank. So fallen besonders viele Z\u00fcge morgens und am Nachmittag aus, Z\u00fcge die au\u00dferhalb des allgemeinen Fahrtaktes fahren \u2013 Pendlerz\u00fcge. So fallen allein seit Dienstag drei von vier Z\u00fcgen morgens aus, die von Tostedt starten. Mein Zug ist nat\u00fcrlich auch dabei. Ich muss also den n\u00e4chsten Zug nehmen \u2013 und wenn dieser wie heute noch 10 Minuten Versp\u00e4tung hat, dann komme ich \u00fcber eine halbe Stunde sp\u00e4ter zur Arbeit.<\/p>\n<p>Was mich eigentlich nervt (und wohl nicht nur mich), ist, dass ich seit Monaten nicht mehr wei\u00df, ob meine Z\u00fcge wirklich fahren. Ich kann keine privaten Termine planen, ohne davon ausgehen zu m\u00fcssen, dass der Zug, den ich dann nehmen m\u00fcsste, ausf\u00e4llt. Fahrpl\u00e4ne sind so nur noch Makulatur, etwas f\u00fcr die Katz. Der vom metronom propagierte <a href=\"https:\/\/www.willizblog.de\/?p=3653\" target=\"_blank\">Wohlf\u00fchlfahrplan<\/a> (<strong>\u201eMein neuer <em>Wohlf\u00fchl<\/em>fahrplan! Der neue metronom Komfort, die neuen Verbindungen\u201c<\/strong>) eignen sich h\u00f6chstens dazu, sich den A&#8230; auszuwischen.<\/p>\n<p>Ich f\u00fcrchte (eigentlich f\u00fcrchte ich mich gar nicht), der GDL gelingt es, nach und nach die privaten Eisenbahnunternehmen von den Gleisen zu dr\u00e4ngen. Sie spielt der DB in die H\u00e4nde. Heinrich Str\u00f6\u00dfenreuther, Gesch\u00e4ftsf\u00fchrer beim Metronom: <em>\u201eW\u00fcrden unsere Kosten durch den Rahmentarifvertrag auf das Niveau der Bahn steigen, f\u00fchre sp\u00e4testens 2018 der letzte Metronom-Zug.\u201c<\/em> Das w\u00e4re dann ein Zug zwischen Bremen und Hamburg &#8211; \u00fcber Tostedt &#8211; Mitte Dezember 2018 zum Fahrplanwechsel (ich nehme aber keine Wetten entgegen).<\/p>\n<p><strong>Kleiner, aber <em>dicker<\/em> Nachtrag:<\/strong><\/p>\n<p>\u201eDie Eisenbahngewerkschaft EVG will den mit der Lokf\u00fchrergewerkschaft GDL geschlossen Grundlagenvertrag, der die Zusammenarbeit der Gewerkschaften regelt, auslaufen lassen. [&#8230;] Im Kern ist geregelt, dass die EVG, die mit ihren 232.000 Mitgliedern alle m\u00f6glichen Besch\u00e4ftigtengruppen bei der Bahn umfasst, nur f\u00fcr diese Leute Tarife abschlie\u00dft und die GDL nur f\u00fcr die Lokf\u00fchrer. Wenn dieser Vertrag gek\u00fcndigt wird \u2013 das geht indes fr\u00fchestens zum Juni 2014 \u2013, k\u00f6nnten die Gewerkschaften versuchen, sich wechselseitig Mitglieder abzuwerben. Auch durch teure Tarifabschl\u00fcsse, woran die Bahn nat\u00fcrlich kein Interesse hat.\u201c (Quelle: <a href=\"http:\/\/www.zeit.de\/wirtschaft\/2011-07\/bahngewerkschaften-konflikt\" target=\"_blank\">zeit.de<\/a>)<\/p>\n<p>Die <a href=\"http:\/\/www.gdl.de\/pmwiki.php?n=Aktuell.AushangFakten-1310384205\" target=\"_blank\">GDL frohlockt<\/a> inzwischen: \u201eDieser Beschluss, sollte er dann von dieser Gewerkschaft \u00fcberhaupt aufrechterhalten werden, wird als ein guter Tag f\u00fcr alle Besch\u00e4ftigten des Fahrpersonals in die Geschichte eingehen: Denn damit w\u00e4re der Weg frei f\u00fcr eine tarifliche Vertretung der GDL f\u00fcr das gesamte Fahrpersonal.\u201c<\/p>\n<p>Dann g\u00e4be es nicht nur, wie jetzt, monatelange Streiks der Lokf\u00fchrer, nein auch das weitere Fahrpersonal (Fahrgastbetreuer, Putzpersonal usw.) k\u00f6nnte durch Arbeitsk\u00e4mpfe den Zugverkehr lahm legen. <strong>Sch\u00f6ne Aussichten!<\/strong><\/p>\n","protected":false},"excerpt":{"rendered":"<p>Heute muss ich mich wieder einmal auskotzen. Und es geht wieder einmal um den Streik der GDL bei meinen \u201ageliebten\u2019 Metronom-Z\u00fcgen, mit denen ich auf der Strecke Bremen \u2013 Hamburg zur Arbeit unterwegs bin (siehe meinen Beitrag hierzu: GDL on strike again). Der letzte Streik ging eigentlich nur \u00fcbers Wochenende und ist heute bereits 10 &hellip; <a href=\"https:\/\/willizblog.de\/?p=4665\" class=\"more-link\"><span class=\"screen-reader-text\">&#8230; zum Arschauswischen<\/span> weiterlesen <span class=\"meta-nav\">&rarr;<\/span><\/a><\/p>\n","protected":false},"author":1,"featured_media":0,"comment_status":"open","ping_status":"open","sticky":false,"template":"","format":"standard","meta":[],"categories":[22,11],"tags":[],"_links":{"self":[{"href":"https:\/\/willizblog.de\/index.php?rest_route=\/wp\/v2\/posts\/4665"}],"collection":[{"href":"https:\/\/willizblog.de\/index.php?rest_route=\/wp\/v2\/posts"}],"about":[{"href":"https:\/\/willizblog.de\/index.php?rest_route=\/wp\/v2\/types\/post"}],"author":[{"embeddable":true,"href":"https:\/\/willizblog.de\/index.php?rest_route=\/wp\/v2\/users\/1"}],"replies":[{"embeddable":true,"href":"https:\/\/willizblog.de\/index.php?rest_route=%2Fwp%2Fv2%2Fcomments&post=4665"}],"version-history":[{"count":0,"href":"https:\/\/willizblog.de\/index.php?rest_route=\/wp\/v2\/posts\/4665\/revisions"}],"wp:attachment":[{"href":"https:\/\/willizblog.de\/index.php?rest_route=%2Fwp%2Fv2%2Fmedia&parent=4665"}],"wp:term":[{"taxonomy":"category","embeddable":true,"href":"https:\/\/willizblog.de\/index.php?rest_route=%2Fwp%2Fv2%2Fcategories&post=4665"},{"taxonomy":"post_tag","embeddable":true,"href":"https:\/\/willizblog.de\/index.php?rest_route=%2Fwp%2Fv2%2Ftags&post=4665"}],"curies":[{"name":"wp","href":"https:\/\/api.w.org\/{rel}","templated":true}]}}